{"id":169282,"date":"2020-09-21T14:45:41","date_gmt":"2020-09-21T17:45:41","guid":{"rendered":"https:\/\/diarioregionaldigital.com.br\/?p=169282"},"modified":"2020-09-21T14:45:41","modified_gmt":"2020-09-21T17:45:41","slug":"autores-furtam-cerca-de-r-300-mil-em-mercadorias-de-joalheria-no-centro","status":"publish","type":"post","link":"https:\/\/diarioregionaldigital.com.br\/?p=169282","title":{"rendered":"Autores furtam cerca de R$ 300 mil em mercadorias de joalheria no Centro"},"content":{"rendered":"<p>Uma joalheria localizada na Galeria General Roberto Neves, no Centro de Juiz de Fora, foi alvo de furto ocorrido na manh\u00e3 de domingo (20). Em relatos \u00e0 Pol\u00edcia Militar (PM), o propriet\u00e1rio do estabelecimento conta que ao chegar no local, notou que a porta de a\u00e7o havia sido arrombada e que os suspeitos teriam utilizado ma\u00e7arico.<\/p>\n<p>Ap\u00f3s a chegada da per\u00edcia, foi constatado pela v\u00edtima que furam furtadas aproximadamente R$ 300.000,00 em mercadorias, entre pulseiras, cord\u00f5es, braceletes, rel\u00f3gios, brincos entre outros. Na loja, existe um sistema de c\u00e2meras de seguran\u00e7a, portanto o mesmo havia sido desligado pela pr\u00f3pria v\u00edtima no s\u00e1bado (19) e por conta disso, n\u00e3o foi poss\u00edvel ter acesso \u00e0s imagens. Al\u00e9m disso, os autores do crime cobriram a c\u00e2mera de dentro da galeria, a qual aponta para a joalheria.<\/p>\n","protected":false},"excerpt":{"rendered":"<p>Uma joalheria localizada na Galeria General Roberto Neves, no Centro de Juiz de Fora, foi alvo de furto ocorrido na manh\u00e3 de domingo (20). Em relatos \u00e0 Pol\u00edcia Militar (PM), o propriet\u00e1rio do estabelecimento conta que ao chegar no local, notou que a porta de a\u00e7o havia sido arrombada e que os suspeitos teriam utilizado [&hellip;]<\/p>\n","protected":false},"author":96,"featured_media":165308,"comment_status":"closed","ping_status":"closed","sticky":false,"template":"","format":"standard","meta":{"footnotes":""},"categories":[301,436,439],"tags":[],"class_list":["post-169282","post","type-post","status-publish","format-standard","has-post-thumbnail","hentry","category-artigos-policiais","category-destaque-da-semana","category-ultima-hora"],"_links":{"self":[{"href":"https:\/\/diarioregionaldigital.com.br\/index.php?rest_route=\/wp\/v2\/posts\/169282","targetHints":{"allow":["GET"]}}],"collection":[{"href":"https:\/\/diarioregionaldigital.com.br\/index.php?rest_route=\/wp\/v2\/posts"}],"about":[{"href":"https:\/\/diarioregionaldigital.com.br\/index.php?rest_route=\/wp\/v2\/types\/post"}],"author":[{"embeddable":true,"href":"https:\/\/diarioregionaldigital.com.br\/index.php?rest_route=\/wp\/v2\/users\/96"}],"replies":[{"embeddable":true,"href":"https:\/\/diarioregionaldigital.com.br\/index.php?rest_route=%2Fwp%2Fv2%2Fcomments&post=169282"}],"version-history":[{"count":0,"href":"https:\/\/diarioregionaldigital.com.br\/index.php?rest_route=\/wp\/v2\/posts\/169282\/revisions"}],"wp:featuredmedia":[{"embeddable":true,"href":"https:\/\/diarioregionaldigital.com.br\/index.php?rest_route=\/wp\/v2\/media\/165308"}],"wp:attachment":[{"href":"https:\/\/diarioregionaldigital.com.br\/index.php?rest_route=%2Fwp%2Fv2%2Fmedia&parent=169282"}],"wp:term":[{"taxonomy":"category","embeddable":true,"href":"https:\/\/diarioregionaldigital.com.br\/index.php?rest_route=%2Fwp%2Fv2%2Fcategories&post=169282"},{"taxonomy":"post_tag","embeddable":true,"href":"https:\/\/diarioregionaldigital.com.br\/index.php?rest_route=%2Fwp%2Fv2%2Ftags&post=169282"}],"curies":[{"name":"wp","href":"https:\/\/api.w.org\/{rel}","templated":true}]}}