{"id":169280,"date":"2020-09-21T14:36:44","date_gmt":"2020-09-21T17:36:44","guid":{"rendered":"https:\/\/diarioregionaldigital.com.br\/?p=169280"},"modified":"2020-09-21T14:36:44","modified_gmt":"2020-09-21T17:36:44","slug":"individuo-se-passa-por-policial-civil-durante-roubo-no-bairro-benfica","status":"publish","type":"post","link":"https:\/\/diarioregionaldigital.com.br\/?p=169280","title":{"rendered":"Indiv\u00edduo se passa por Policial Civil, durante roubo no Bairro Benfica"},"content":{"rendered":"<p><span style=\"font-weight: 400;\">Na tarde de domingo (20), no Bairro Benfica (Regi\u00e3o Norte), dois jovens de 18 e 19 anos, estavam em um ponto de \u00f4nibus no local, quando um ve\u00edculo parou. Logo em seguida, um passageiro se identificou como Policial Civil e ordenou que as v\u00edtimas encostassem na parede. Ambas negaram em obedecer e o autor saiu do carro, foi em dire\u00e7\u00e3o ao jovem de 18, tomou o telefone celular e desferiu um soco em seu rosto.\u00a0<\/span><\/p>\n<p><span style=\"font-weight: 400;\">O suspeito foi em dire\u00e7\u00e3o a segunda v\u00edtima e tentou segurar por tr\u00e1s, entretanto a mesma conseguiu se desviar do golpe e saiu correndo do local, por\u00e9m deixou sua bolsa cair no ch\u00e3o. O indiv\u00edduo recolheu o objeto e dentro dele, havia a quantia de R$ 20,00 em dinheiro e uma chave.<\/span><\/p>\n<p><span style=\"font-weight: 400;\">O autor entrou rapidamente no ve\u00edculo e fugiu do local, junto com seu comparsa, que era o motorista. Em relatos aos militares, uma testemunha que presenciou os fatos, conta que o indiv\u00edduo seria seu marido e este \u00e9 dependente qu\u00edmico. Com informa\u00e7\u00f5es em m\u00e3os, os policiais iniciaram intenso rastreamento, portanto os suspeitos n\u00e3o foram localizados.<\/span><\/p>\n","protected":false},"excerpt":{"rendered":"<p>Na tarde de domingo (20), no Bairro Benfica (Regi\u00e3o Norte), dois jovens de 18 e 19 anos, estavam em um ponto de \u00f4nibus no local, quando um ve\u00edculo parou. Logo em seguida, um passageiro se identificou como Policial Civil e ordenou que as v\u00edtimas encostassem na parede. Ambas negaram em obedecer e o autor saiu [&hellip;]<\/p>\n","protected":false},"author":96,"featured_media":165308,"comment_status":"closed","ping_status":"closed","sticky":false,"template":"","format":"standard","meta":{"footnotes":""},"categories":[301,436,440,439],"tags":[],"class_list":["post-169280","post","type-post","status-publish","format-standard","has-post-thumbnail","hentry","category-artigos-policiais","category-destaque-da-semana","category-destaques-do-dia","category-ultima-hora"],"_links":{"self":[{"href":"https:\/\/diarioregionaldigital.com.br\/index.php?rest_route=\/wp\/v2\/posts\/169280","targetHints":{"allow":["GET"]}}],"collection":[{"href":"https:\/\/diarioregionaldigital.com.br\/index.php?rest_route=\/wp\/v2\/posts"}],"about":[{"href":"https:\/\/diarioregionaldigital.com.br\/index.php?rest_route=\/wp\/v2\/types\/post"}],"author":[{"embeddable":true,"href":"https:\/\/diarioregionaldigital.com.br\/index.php?rest_route=\/wp\/v2\/users\/96"}],"replies":[{"embeddable":true,"href":"https:\/\/diarioregionaldigital.com.br\/index.php?rest_route=%2Fwp%2Fv2%2Fcomments&post=169280"}],"version-history":[{"count":0,"href":"https:\/\/diarioregionaldigital.com.br\/index.php?rest_route=\/wp\/v2\/posts\/169280\/revisions"}],"wp:featuredmedia":[{"embeddable":true,"href":"https:\/\/diarioregionaldigital.com.br\/index.php?rest_route=\/wp\/v2\/media\/165308"}],"wp:attachment":[{"href":"https:\/\/diarioregionaldigital.com.br\/index.php?rest_route=%2Fwp%2Fv2%2Fmedia&parent=169280"}],"wp:term":[{"taxonomy":"category","embeddable":true,"href":"https:\/\/diarioregionaldigital.com.br\/index.php?rest_route=%2Fwp%2Fv2%2Fcategories&post=169280"},{"taxonomy":"post_tag","embeddable":true,"href":"https:\/\/diarioregionaldigital.com.br\/index.php?rest_route=%2Fwp%2Fv2%2Ftags&post=169280"}],"curies":[{"name":"wp","href":"https:\/\/api.w.org\/{rel}","templated":true}]}}