{"id":169277,"date":"2020-09-21T14:20:40","date_gmt":"2020-09-21T17:20:40","guid":{"rendered":"https:\/\/diarioregionaldigital.com.br\/?p=169277"},"modified":"2020-09-21T14:20:40","modified_gmt":"2020-09-21T17:20:40","slug":"pc-deflagra-operacao-backup-fase-i-e-cumpre-mandado-de-busca-e-apreensao","status":"publish","type":"post","link":"https:\/\/diarioregionaldigital.com.br\/?p=169277","title":{"rendered":"PC deflagra opera\u00e7\u00e3o &#8220;Backup Fase I&#8221; e cumpre mandado de busca e apreens\u00e3o"},"content":{"rendered":"<p><span style=\"font-weight: 400;\">A Pol\u00edcia Civil de Minas Gerais, na \u00faltima sexta-feira (18), deflagrou a Opera\u00e7\u00e3o \u201cBackup Fase I\u201d, e cumpriu mandado de busca e apreens\u00e3o contra &#8220;hacker&#8221; que amea\u00e7ava v\u00edtima, em Rodeiro.<\/span><\/p>\n<p><span style=\"font-weight: 400;\">Uma equipe de policiais da Delegacia Regional de Ub\u00e1, deflagraram a opera\u00e7\u00e3o contra uma pessoa que se denominava &#8220;hacker&#8221;, e amea\u00e7ava uma jovem com \u201crevenge porn\u201d. Buscas foram executadas na cidade de Rodeiro, na resid\u00eancia do autor de 23 anos.\u00a0<\/span><\/p>\n<p><span style=\"font-weight: 400;\">O mandado judicial se deu, ap\u00f3s investiga\u00e7\u00f5es que apontavam que o ex namorado da v\u00edtima, que se auto intitulava &#8220;hacker&#8221;, importunava a v\u00edtima. Ele amea\u00e7ou a v\u00edtima e sua fam\u00edlia de divulgar imagens que foram feitas clandestinamente, sem autoriza\u00e7\u00e3o e sem conhecimento das v\u00edtimas.\u00a0<\/span><\/p>\n<p><span style=\"font-weight: 400;\">Nas buscas, foram arrecadados 03 telefones celulares, pertinentes a investiga\u00e7\u00e3o e ap\u00f3s as an\u00e1lises, ficou constatado que neles estavam armazenados os conte\u00fados que seriam divulgados e tamb\u00e9m, para surpresa dos investigadores, imagens \u00edntimas de menor de idade.<\/span><\/p>\n<p><span style=\"font-weight: 400;\">O autor responder\u00e1 pelos crimes de amea\u00e7a, crime previsto no art. 241-B do Eca (possuir fotografia de nudez de adolescente) e registro n\u00e3o autorizado da intimidade sexual capitulado no Art 216-B do C\u00f3digo Penal. Com penas somadas que podem chegar a 5 anos de pris\u00e3o. Caso o autor divulgasse os conte\u00fados responderia tamb\u00e9m pelos crimes do art. 218-C do CP e art. 139 do CP que, somadas as penas m\u00e1ximas, ultrapassariam 6 (seis) anos de pris\u00e3o.\u00a0<\/span><\/p>\n<p><span style=\"font-weight: 400;\">Segundo o Delegado Regional de Ub\u00e1, Di\u00eago Candian Alves, essa opera\u00e7\u00e3o \u00e9 a primeira de muitas que vir\u00e3o, a fim de elucidar crimes cibern\u00e9ticos . &#8220;Que esta opera\u00e7\u00e3o sirva de alerta para criminosos que cr\u00eaem na impunidade e se escondem atr\u00e1s dos meios telem\u00e1ticos, para praticarem suas condutas il\u00edcitas. A Pol\u00edcia Judici\u00e1ria tem ferramentas e meios eficazes de investiga\u00e7\u00e3o que levam \u00e0 autoria e materialidade de crimes dessa natureza. &#8220;, concluiu o Delegado.<\/span><\/p>\n<p><strong>Fonte:\u00a0<\/strong>Assessoria<\/p>\n","protected":false},"excerpt":{"rendered":"<p>A Pol\u00edcia Civil de Minas Gerais, na \u00faltima sexta-feira (18), deflagrou a Opera\u00e7\u00e3o \u201cBackup Fase I\u201d, e cumpriu mandado de busca e apreens\u00e3o contra &#8220;hacker&#8221; que amea\u00e7ava v\u00edtima, em Rodeiro. Uma equipe de policiais da Delegacia Regional de Ub\u00e1, deflagraram a opera\u00e7\u00e3o contra uma pessoa que se denominava &#8220;hacker&#8221;, e amea\u00e7ava uma jovem com \u201crevenge [&hellip;]<\/p>\n","protected":false},"author":96,"featured_media":169278,"comment_status":"closed","ping_status":"closed","sticky":false,"template":"","format":"standard","meta":{"footnotes":""},"categories":[436,252,439],"tags":[],"class_list":["post-169277","post","type-post","status-publish","format-standard","has-post-thumbnail","hentry","category-destaque-da-semana","category-regiao","category-ultima-hora"],"_links":{"self":[{"href":"https:\/\/diarioregionaldigital.com.br\/index.php?rest_route=\/wp\/v2\/posts\/169277","targetHints":{"allow":["GET"]}}],"collection":[{"href":"https:\/\/diarioregionaldigital.com.br\/index.php?rest_route=\/wp\/v2\/posts"}],"about":[{"href":"https:\/\/diarioregionaldigital.com.br\/index.php?rest_route=\/wp\/v2\/types\/post"}],"author":[{"embeddable":true,"href":"https:\/\/diarioregionaldigital.com.br\/index.php?rest_route=\/wp\/v2\/users\/96"}],"replies":[{"embeddable":true,"href":"https:\/\/diarioregionaldigital.com.br\/index.php?rest_route=%2Fwp%2Fv2%2Fcomments&post=169277"}],"version-history":[{"count":0,"href":"https:\/\/diarioregionaldigital.com.br\/index.php?rest_route=\/wp\/v2\/posts\/169277\/revisions"}],"wp:featuredmedia":[{"embeddable":true,"href":"https:\/\/diarioregionaldigital.com.br\/index.php?rest_route=\/wp\/v2\/media\/169278"}],"wp:attachment":[{"href":"https:\/\/diarioregionaldigital.com.br\/index.php?rest_route=%2Fwp%2Fv2%2Fmedia&parent=169277"}],"wp:term":[{"taxonomy":"category","embeddable":true,"href":"https:\/\/diarioregionaldigital.com.br\/index.php?rest_route=%2Fwp%2Fv2%2Fcategories&post=169277"},{"taxonomy":"post_tag","embeddable":true,"href":"https:\/\/diarioregionaldigital.com.br\/index.php?rest_route=%2Fwp%2Fv2%2Ftags&post=169277"}],"curies":[{"name":"wp","href":"https:\/\/api.w.org\/{rel}","templated":true}]}}