{"id":169271,"date":"2020-09-21T14:10:57","date_gmt":"2020-09-21T17:10:57","guid":{"rendered":"https:\/\/diarioregionaldigital.com.br\/?p=169271"},"modified":"2020-09-21T14:10:58","modified_gmt":"2020-09-21T17:10:58","slug":"governo-reestrutura-politica-de-atencao-hospitalar-do-estado","status":"publish","type":"post","link":"https:\/\/diarioregionaldigital.com.br\/?p=169271","title":{"rendered":"Governo reestrutura Pol\u00edtica de Aten\u00e7\u00e3o Hospitalar do Estado"},"content":{"rendered":"<p>A Comiss\u00e3o Intergestores Bipartite (CIB) aprovou a Pol\u00edtica de Aten\u00e7\u00e3o Hospitalar do Estado de Minas Gerais (PAH) \u2013 Valora Minas. A nova estrutura leva em considera\u00e7\u00e3o as necessidades da popula\u00e7\u00e3o e busca servi\u00e7os hospitalares capazes de atender tais demandas.<\/p>\n<p>Durante a implementa\u00e7\u00e3o do projeto, a Rede de Aten\u00e7\u00e3o \u00e0 Sa\u00fade (RAS) ser\u00e1 qualificada, com incremento na assist\u00eancia e amplia\u00e7\u00e3o do acesso ao Sistema \u00danico de Sa\u00fade (SUS).<\/p>\n<p>A proposta avan\u00e7a tamb\u00e9m no contexto da divulga\u00e7\u00e3o dos pontos de aten\u00e7\u00e3o e dos servi\u00e7os prestados pela RAS, para que os usu\u00e1rios possam se nortear dentro da Rede de Aten\u00e7\u00e3o \u00e0 sa\u00fade.<\/p>\n<p>Quanto \u00e0s institui\u00e7\u00f5es, especialmente as de pequeno e parte das de m\u00e9dio porte, que anteriormente n\u00e3o eram contempladas pelas pol\u00edticas hospitalares, passam a ser amparadas com recursos que v\u00e3o proporcionar a sustentabilidade financeira.<\/p>\n<p><strong>Avan\u00e7o<\/strong><\/p>\n<p>De acordo com o secret\u00e1rio de Estado de Sa\u00fade, Carlos Eduardo Amaral, o Valora Minas vai fomentar a mudan\u00e7a de cultura na forma de avaliar os investimentos, por meio de monitoramento mais efetivo, mensura\u00e7\u00e3o dos resultados e an\u00e1lise de impactos das pol\u00edticas p\u00fablicas.<\/p>\n<p>\u201cNeste novo momento de gest\u00e3o e conhecimento, em que s\u00e3o necess\u00e1rias mudan\u00e7as de paradigmas, o Valora Minas tem potencial para trazer benef\u00edcios para toda a rede de Sa\u00fade do estado e, consequentemente, proporcionar mais qualidade de vida para a popula\u00e7\u00e3o do estado\u201d, afirma o secret\u00e1rio.<\/p>\n<p><strong>Reestrutura\u00e7\u00e3o<\/strong><\/p>\n<p>Focada no usu\u00e1rio do SUS, a reestrutura\u00e7\u00e3o da Pol\u00edtica de Aten\u00e7\u00e3o Hospitalar desenvolvida pela\u00a0<a href=\"https:\/\/www.saude.mg.gov.br\/\" target=\"_blank\" rel=\"noopener noreferrer\">Secretaria de Estado de Sa\u00fade de Minas Gerais (SES-MG)<\/a>\u00a0ser\u00e1 institu\u00edda para consolidar as a\u00e7\u00f5es e pol\u00edticas de aten\u00e7\u00e3o hospitalar.<\/p>\n<p>Os ajustes t\u00eam como base diretrizes de aten\u00e7\u00e3o humanizada, garantia de acesso universal, equidade e integralidade no atendimento hospitalar, concep\u00e7\u00e3o dos hospitais como pontos de aten\u00e7\u00e3o integrados e articulados \u00e0 RAS, al\u00e9m da organiza\u00e7\u00e3o dos fluxos assistenciais para servi\u00e7os de m\u00e9dia e alta complexidade hospitalar.<\/p>\n<p>Segundo o subsecret\u00e1rio de Gest\u00e3o Regional, Darlan Ven\u00e2ncio Thomaz Pereira, o projeto, que passou pela C\u00e2mara T\u00e9cnica, apresenta um modelo de pol\u00edtica disruptiva, que rompe com antigos padr\u00f5es por meio de um\u00a0modelo de gest\u00e3o mais robusto, participativo e que prev\u00ea melhor distribui\u00e7\u00e3o e controle dos recursos.<\/p>\n<p>&#8220;A partir de sua execu\u00e7\u00e3o, as redes de aten\u00e7\u00e3o ser\u00e3o melhor organizadas e haver\u00e1 otimiza\u00e7\u00e3o dos recursos. Agora, vamos conseguir mensurar os resultados dos investimentos\u201d, explica.<\/p>\n<p><strong>Rede<\/strong><\/p>\n<p>Dos 480 hospitais que prestam servi\u00e7os ao SUS em Minas Gerais, 277 s\u00e3o beneficiados por programas estaduais. O dado demonstra, conforme as autoridades sanit\u00e1rias de MG, a complexidade do sistema e a urg\u00eancia de avaliar permanentemente os recursos investidos por meio de monitoramento, mensura\u00e7\u00e3o dos resultados e an\u00e1lise de impactos das pol\u00edticas p\u00fablicas.<\/p>\n<p>\u201cO Valora Minas traz o avan\u00e7o almejado pela SES, uma vez que acreditamos que os investimentos devem ser vinculados aos objetivos final\u00edsticos, pass\u00edveis de mensura\u00e7\u00e3o\u201d, refor\u00e7a Monique F\u00e9lix, diretora de Aten\u00e7\u00e3o Hospitalar e de Urg\u00eancia e Emerg\u00eancia da SES.<\/p>\n<p><strong>Projeto<\/strong><\/p>\n<p>Em 2019, a SES-MG resgatou o projeto, que estava engavetado desde 2015, e formatou a atual proposta, em conson\u00e2ncia com as diretrizes do atual governo, que preza pela responsabilidade no uso dos recursos p\u00fablicos e transpar\u00eancia na divulga\u00e7\u00e3o dos mesmos.<\/p>\n<p>Para responder \u00e0 complexidade do Sistema de Sa\u00fade do Estado, o programa considera a heterogeneidade do perfil dos estabelecimentos e as demandas identificadas no processo de formata\u00e7\u00e3o do modelo.<\/p>\n<p>A nova Pol\u00edtica de Aten\u00e7\u00e3o Hospitalar foi desenvolvida em tr\u00eas m\u00f3dulos:<\/p>\n<p>M\u00f3dulo Valor em Sa\u00fade: hospitais de relev\u00e2ncia microrregional, macrorregional e estadual, com not\u00f3ria contribui\u00e7\u00e3o para a resolubilidade dos territ\u00f3rios para os servi\u00e7os de m\u00e9dia e\/ou alta complexidade hospitalar. O m\u00f3dulo pretende fortalecer as Redes de Aten\u00e7\u00e3o a partir do aumento da resolubilidade dos territ\u00f3rios e qualifica\u00e7\u00e3o dos hospitais.<\/p>\n<p>M\u00f3dulo Hospitais Plataforma: hospitais que n\u00e3o cumprem com crit\u00e9rios de elegibilidade para o m\u00f3dulo \u201cValor em sa\u00fade\u201d, mas t\u00eam not\u00f3ria possibilidade de contribui\u00e7\u00e3o para as Redes de Aten\u00e7\u00e3o a partir da vocacionaliza\u00e7\u00e3o e necessidades identificadas nos territ\u00f3rios.<\/p>\n<p>M\u00f3dulo Novos prestadores, Novos V\u00ednculos: constitui e estrat\u00e9gia estadual de acesso \u00e0 procedimentos eletivos. Inicialmente, contempla a parte das demandas n\u00e3o resolvidas da Rede de Aten\u00e7\u00e3o. De acordo com a proposta da PAH, ser\u00e1 ampliado o acesso \u00e0 servi\u00e7os de sa\u00fade, priorizando procedimento cir\u00fargicos eletivos com maior frequ\u00eancia e tempo de espera.<\/p>\n<p><strong>Fonte:\u00a0<\/strong>Ag\u00eancia Minas<\/p>\n","protected":false},"excerpt":{"rendered":"<p>A Comiss\u00e3o Intergestores Bipartite (CIB) aprovou a Pol\u00edtica de Aten\u00e7\u00e3o Hospitalar do Estado de Minas Gerais (PAH) \u2013 Valora Minas. A nova estrutura leva em considera\u00e7\u00e3o as necessidades da popula\u00e7\u00e3o e busca servi\u00e7os hospitalares capazes de atender tais demandas. Durante a implementa\u00e7\u00e3o do projeto, a Rede de Aten\u00e7\u00e3o \u00e0 Sa\u00fade (RAS) ser\u00e1 qualificada, com incremento [&hellip;]<\/p>\n","protected":false},"author":96,"featured_media":169272,"comment_status":"closed","ping_status":"closed","sticky":false,"template":"","format":"standard","meta":{"footnotes":""},"categories":[436,254,439],"tags":[],"class_list":["post-169271","post","type-post","status-publish","format-standard","has-post-thumbnail","hentry","category-destaque-da-semana","category-politica","category-ultima-hora"],"_links":{"self":[{"href":"https:\/\/diarioregionaldigital.com.br\/index.php?rest_route=\/wp\/v2\/posts\/169271","targetHints":{"allow":["GET"]}}],"collection":[{"href":"https:\/\/diarioregionaldigital.com.br\/index.php?rest_route=\/wp\/v2\/posts"}],"about":[{"href":"https:\/\/diarioregionaldigital.com.br\/index.php?rest_route=\/wp\/v2\/types\/post"}],"author":[{"embeddable":true,"href":"https:\/\/diarioregionaldigital.com.br\/index.php?rest_route=\/wp\/v2\/users\/96"}],"replies":[{"embeddable":true,"href":"https:\/\/diarioregionaldigital.com.br\/index.php?rest_route=%2Fwp%2Fv2%2Fcomments&post=169271"}],"version-history":[{"count":0,"href":"https:\/\/diarioregionaldigital.com.br\/index.php?rest_route=\/wp\/v2\/posts\/169271\/revisions"}],"wp:featuredmedia":[{"embeddable":true,"href":"https:\/\/diarioregionaldigital.com.br\/index.php?rest_route=\/wp\/v2\/media\/169272"}],"wp:attachment":[{"href":"https:\/\/diarioregionaldigital.com.br\/index.php?rest_route=%2Fwp%2Fv2%2Fmedia&parent=169271"}],"wp:term":[{"taxonomy":"category","embeddable":true,"href":"https:\/\/diarioregionaldigital.com.br\/index.php?rest_route=%2Fwp%2Fv2%2Fcategories&post=169271"},{"taxonomy":"post_tag","embeddable":true,"href":"https:\/\/diarioregionaldigital.com.br\/index.php?rest_route=%2Fwp%2Fv2%2Ftags&post=169271"}],"curies":[{"name":"wp","href":"https:\/\/api.w.org\/{rel}","templated":true}]}}