{"id":169269,"date":"2020-09-21T14:08:32","date_gmt":"2020-09-21T17:08:32","guid":{"rendered":"https:\/\/diarioregionaldigital.com.br\/?p=169269"},"modified":"2020-09-21T14:08:32","modified_gmt":"2020-09-21T17:08:32","slug":"cre-aprova-11-nomes-da-lista-de-32-diplomatas-indicados-para-embaixadas","status":"publish","type":"post","link":"https:\/\/diarioregionaldigital.com.br\/?p=169269","title":{"rendered":"CRE aprova 11 nomes da lista de 32 diplomatas indicados para embaixadas"},"content":{"rendered":"<p><span style=\"font-weight: 400;\">A Comiss\u00e3o de Rela\u00e7\u00f5es Exteriores (CRE)\u00a0 sabatinou e aprovou nesta segunda-feira (21) 11 indicados para assumir embaixadas do Brasil, iniciando o retorno das reuni\u00f5es semipresenciais. Parte dos senadores compareceu ao Plen\u00e1rio da comiss\u00e3o. Outra parte, participou de forma remota. Todos os nomes ser\u00e3o submetidos agora ao Plen\u00e1rio do Senado, em vota\u00e7\u00e3o secreta.<\/span><\/p>\n<p><span style=\"font-weight: 400;\">Os nomes aprovados pela CRE foram:<\/span><\/p>\n<ul>\n<li style=\"font-weight: 400;\"><span style=\"font-weight: 400;\">Colbert Soares Pinto Junior &#8211; Cabo Verde\u00a0<\/span><\/li>\n<li style=\"font-weight: 400;\"><span style=\"font-weight: 400;\">Marcel Fortuna Biato \u2014 Irlanda<\/span><\/li>\n<li style=\"font-weight: 400;\"><span style=\"font-weight: 400;\">Calos Antonio da Rocha Paranhos \u2014 Mianmar\u00a0\u00a0<\/span><\/li>\n<li style=\"font-weight: 400;\"><span style=\"font-weight: 400;\">Paulo Roberto Caminha de Castilhos Fran\u00e7a \u2014 Pa\u00edses Baixos\u00a0<\/span><\/li>\n<li style=\"font-weight: 400;\"><span style=\"font-weight: 400;\">Oswaldo Biato J\u00fanior \u2014 Ge\u00f3rgia\u00a0\u00a0<\/span><\/li>\n<li style=\"font-weight: 400;\"><span style=\"font-weight: 400;\">Francisco Mauro Brasil de Holanda \u2014 Kuwait e Barein\u00a0<\/span><\/li>\n<li style=\"font-weight: 400;\"><span style=\"font-weight: 400;\">Norton de Andrade Mello Rapesta \u2014 Ucr\u00e2nia e Mold\u00e1via\u00a0<\/span><\/li>\n<li style=\"font-weight: 400;\"><span style=\"font-weight: 400;\">Rodrigo do Amaral Souza \u2014 Trinidad e Tobago\u00a0\u00a0<\/span><\/li>\n<li style=\"font-weight: 400;\"><span style=\"font-weight: 400;\">Z\u00e2mbia \u2014 Arthur Henrique Villanova Nogueira\u00a0<\/span><\/li>\n<li style=\"font-weight: 400;\"><span style=\"font-weight: 400;\">Antonio Jos\u00e9 Maria de Souza e Silva \u2014 Filipinas, Palau, Micron\u00e9sia e Ilhas Marshall\u00a0\u00a0<\/span><\/li>\n<li style=\"font-weight: 400;\"><span style=\"font-weight: 400;\">Rodrigo de Azeredo Santos \u2014 Dinamarca e Litu\u00e2nia\u00a0<\/span><\/li>\n<\/ul>\n<p><span style=\"font-weight: 400;\">Ao todo, ser\u00e3o analisados nomes de 32 diplomatas, indicados para chefiar embaixadas e escrit\u00f3rios brasileiros em 43 pa\u00edses e em 2 organismos internacionais.\u00a0<\/span><\/p>\n<p><span style=\"font-weight: 400;\">O diplomata Rodrigo do Amaral Souza \u00e9 indicado para o cargo de embaixador em Trinidad e Tobago. Ele destacou a localiza\u00e7\u00e3o geogr\u00e1fica da rep\u00fablica caribenha como um aspecto estrat\u00e9gico a ser observado pelo Brasil.<\/span><\/p>\n<p><span style=\"font-weight: 400;\">\u201cAs duas ilhas que comp\u00f5em o pa\u00eds ficam muito pr\u00f3ximas \u00e0 Venezuela e ao Canal do Panam\u00e1, por onde passa boa parte do transporte de carga entre o Atl\u00e2ntico e o Pacifico. Tamb\u00e9m \u00e9 uma plataforma de observa\u00e7\u00e3o interessante para examinar a presen\u00e7a chinesa no Caribe. \u00c9 para esse pa\u00eds que s\u00e3o direcionados grandes volumes de investimento na \u00e1rea de constru\u00e7\u00e3o e infraestrutura\u201d destacou.<\/span><\/p>\n<p><span style=\"font-weight: 400;\">A indica\u00e7\u00e3o do diplomata (Mensagem 38\/2020) foi relatada pelo senador Marcos do Val (Podemos-ES). Amaral Souza nasceu em S\u00e3o Paulo e tem 63 anos. Formado em Administra\u00e7\u00e3o pela Funda\u00e7\u00e3o Get\u00falio Vargas em 1979, ingressou no Instituto Rio Branco em 1982. Serviu em Buenos Aires (Argentina), Guayana (Venezuela), Bridgetown (Barbados), Santiago (Chile) e Roma (It\u00e1lia). \u00c9 embaixador do Brasil em Manila (Filipinas) desde 2016.<\/span><\/p>\n<p><span style=\"font-weight: 400;\">O diplomata Arthur Henrique Villanova Nogueira \u00e9 indicado para o cargo de embaixador em Za\u0302mbia. Ele destacou que pretende dar continuidade ao trabalho desenvolvido pela atual representa\u00e7\u00e3o brasileira no pa\u00eds. Na \u00e1rea comercial, quer promover a coopera\u00e7\u00e3o, a realiza\u00e7\u00e3o de feiras e a prospec\u00e7\u00e3o de oportunidades comerciais, especialmente no agroneg\u00f3cio.<\/span><\/p>\n<p><span style=\"font-weight: 400;\">\u201cPromover miss\u00f5es empresariais de m\u00e1quinas e equipamentos de irriga\u00e7\u00e3o e fertilizantes. Combate \u00e0 praga do milho, que \u00e9 o alimento principal da Z\u00e2mbia. Existe uma coopera\u00e7\u00e3o que j\u00e1 come\u00e7ou na \u00e1rea de biocombust\u00edveis e o desenvolvimento gen\u00e9tico do rebanho bovino. Al\u00e9m disso, a tecnologia da informa\u00e7\u00e3o e os farmac\u00eauticos s\u00e3o setores promissores para os interesses comerciais brasileiros\u201d sublinhou.<\/span><\/p>\n<p><span style=\"font-weight: 400;\">A indica\u00e7\u00e3o de Villanova Nogueira (Mensagem 15\/2020) foi relatada pelo senador Chico Rodrigues (RR-DEM). O diplomata nasceu em Belo Horizonte (MG) e tem 64 anos. Formado em Direito pela Universidade de S\u00e3o Paulo em 1980, ingressou no Instituto Rio Branco no mesmo ano. Atuou em Abu Dhabi (Emirados \u00c1rabes), Havana (Cuba), Montreal (Canad\u00e1), Nair\u00f3bi (Qu\u00eania) e Belgrado (S\u00e9rvia). Serve como ministro-conselheiro na embaixada de Han\u00f3i (Vietn\u00e3) desde 2016.<\/span><\/p>\n<p><span style=\"font-weight: 400;\">O diplomata Antonio Jos\u00e9 Maria de Souza e Silva \u00e9 indicado para o cargo de embaixador em Filipinas, Palau, Microne\u0301sia e Ilhas Marshall. Ele destacou que a \u00c1sia \u00e9 uma das regi\u00f5es \u201cmais vibrantes e de maior dinamismo no mundo\u201d. O indicado tamb\u00e9m refor\u00e7ou a import\u00e2ncia do agroneg\u00f3cio para as rela\u00e7\u00f5es comerciais entre os dois pa\u00edses.<\/span><\/p>\n<p><span style=\"font-weight: 400;\">\u201cA ponta da nossa inser\u00e7\u00e3o tem sido os produtos do agroneg\u00f3cio. A excel\u00eancia, a qualidade, os pre\u00e7os e a seguran\u00e7a sanit\u00e1ria fazem dos nossos produtos altamente competitivos. Obviamente, com isso come\u00e7am a surgir \u201cirritantes\u201d. Especificamente nas Filipinas, temos esse \u201cirritante\u201d recente, com a suspens\u00e3o das exporta\u00e7\u00f5es brasileiras de frango. Uma das fun\u00e7\u00f5es que vejo \u00e9 estarmos permanentemente defendendo a imagem do Brasil e do agroneg\u00f3cio e de outros produtos para ampliar nosso mercado externo\u201d afirmou.<\/span><\/p>\n<p><span style=\"font-weight: 400;\">A indica\u00e7\u00e3o de Souza e Silva (Mensagem 43\/2020) teve como relator o senador Humberto Costa (PT-PE). O diplomata nasceu no Rio de Janeiro (RJ) e tem 70 anos. Formado pela Faculdade de Direito C\u00e2ndido Mendes, ingressou na carreira diplom\u00e1tica em 1976. Serviu em Tr\u00edpoli (L\u00edbia), Nova York (Estados Unidos), Guatemala (Guatemala), Assun\u00e7\u00e3o (Paraguai), Islamabad (Paquist\u00e3o), Buenos Aires (Argentina), Praga (Rep\u00fablica Checa), Brazavile (Congo), D\u00edli (Timor Leste) e Maputo (Mo\u00e7ambique). \u00c9 embaixador em Rangum (Birm\u00e2nia) desde 2016.<\/span><\/p>\n<p><span style=\"font-weight: 400;\">O diplomata Rodrigo de Azeredo Santos \u00e9 indicado para o cargo de embaixador na Dinamarca e na Litu\u00e2nia. Ele disse que a Dinamarca tem apoiado pleitos brasileiros, como o acordo entre o Mercosul e a Uni\u00e3o Europeia e o ingresso como membro pleno da Organiza\u00e7\u00e3o para a Coopera\u00e7\u00e3o e Desenvolvimento Econ\u00f4mico (OCDE). O indicado lembrou que o pa\u00eds escandinavo prioriza temas como direitos humanos, agenda clim\u00e1tica, livre com\u00e9rcio, coopera\u00e7\u00e3o internacional e seguran\u00e7a.<\/span><\/p>\n<p><span style=\"font-weight: 400;\">\u201cTemos muito a aprender com a experi\u00eancia dinamarquesa na rela\u00e7\u00e3o ao meio ambiente e a mudan\u00e7a do clima. Brasil e Dinamarca t\u00eam uma coopera\u00e7\u00e3o em ci\u00eancia, tecnologia e inova\u00e7\u00e3o muito importante nas \u00e1reas de sa\u00fade, energia renov\u00e1vel e biotecnologia. Pretendo ter como prioridade, os seguintes temas: apoio \u00e0 comunidade brasileira, atra\u00e7\u00e3o de novos investimentos dinamarqueses para o Brasil e promo\u00e7\u00e3o da imagem e da sustentabilidade da agricultura brasileira\u201d destacou.<\/span><\/p>\n<p><span style=\"font-weight: 400;\">O relat\u00f3rio para a indica\u00e7\u00e3o de Azeredo Santos (Mensagem 27\/2020) foi feito pelo senador Roberto Rocha (PSDB-MA) e lido pelo senador Carlos F\u00e1varo (PSD-MT). O diplomata tem 54 anos. Formou-se em Economia pela Pontif\u00edcia Universidade Cato\u0301lica do Rio de Janeiro em 1986 e ingressou no Instituto Rio Branco em 1992. Atuou nas representa\u00e7\u00f5es do Brasil em Washington (Estados Unidos), Buenos Aires (Argentina) e Londres (Inglaterra). \u00c9 chefe do posto na embaixada de Teera\u0303 (Ir\u00e3) desde 2017.<\/span><\/p>\n<p><strong>Fonte:<\/strong> Ag\u00eancia Senado<\/p>\n","protected":false},"excerpt":{"rendered":"<p>A Comiss\u00e3o de Rela\u00e7\u00f5es Exteriores (CRE)\u00a0 sabatinou e aprovou nesta segunda-feira (21) 11 indicados para assumir embaixadas do Brasil, iniciando o retorno das reuni\u00f5es semipresenciais. Parte dos senadores compareceu ao Plen\u00e1rio da comiss\u00e3o. Outra parte, participou de forma remota. Todos os nomes ser\u00e3o submetidos agora ao Plen\u00e1rio do Senado, em vota\u00e7\u00e3o secreta. Os nomes aprovados [&hellip;]<\/p>\n","protected":false},"author":96,"featured_media":167767,"comment_status":"closed","ping_status":"closed","sticky":false,"template":"","format":"standard","meta":{"footnotes":""},"categories":[436,254,439],"tags":[],"class_list":["post-169269","post","type-post","status-publish","format-standard","has-post-thumbnail","hentry","category-destaque-da-semana","category-politica","category-ultima-hora"],"_links":{"self":[{"href":"https:\/\/diarioregionaldigital.com.br\/index.php?rest_route=\/wp\/v2\/posts\/169269","targetHints":{"allow":["GET"]}}],"collection":[{"href":"https:\/\/diarioregionaldigital.com.br\/index.php?rest_route=\/wp\/v2\/posts"}],"about":[{"href":"https:\/\/diarioregionaldigital.com.br\/index.php?rest_route=\/wp\/v2\/types\/post"}],"author":[{"embeddable":true,"href":"https:\/\/diarioregionaldigital.com.br\/index.php?rest_route=\/wp\/v2\/users\/96"}],"replies":[{"embeddable":true,"href":"https:\/\/diarioregionaldigital.com.br\/index.php?rest_route=%2Fwp%2Fv2%2Fcomments&post=169269"}],"version-history":[{"count":0,"href":"https:\/\/diarioregionaldigital.com.br\/index.php?rest_route=\/wp\/v2\/posts\/169269\/revisions"}],"wp:featuredmedia":[{"embeddable":true,"href":"https:\/\/diarioregionaldigital.com.br\/index.php?rest_route=\/wp\/v2\/media\/167767"}],"wp:attachment":[{"href":"https:\/\/diarioregionaldigital.com.br\/index.php?rest_route=%2Fwp%2Fv2%2Fmedia&parent=169269"}],"wp:term":[{"taxonomy":"category","embeddable":true,"href":"https:\/\/diarioregionaldigital.com.br\/index.php?rest_route=%2Fwp%2Fv2%2Fcategories&post=169269"},{"taxonomy":"post_tag","embeddable":true,"href":"https:\/\/diarioregionaldigital.com.br\/index.php?rest_route=%2Fwp%2Fv2%2Ftags&post=169269"}],"curies":[{"name":"wp","href":"https:\/\/api.w.org\/{rel}","templated":true}]}}