{"id":169266,"date":"2020-09-21T13:58:46","date_gmt":"2020-09-21T16:58:46","guid":{"rendered":"https:\/\/diarioregionaldigital.com.br\/?p=169266"},"modified":"2020-09-21T13:58:46","modified_gmt":"2020-09-21T16:58:46","slug":"ibge-lanca-painel-interativo-para-apoiar-municipios-no-combate-a-pandemia","status":"publish","type":"post","link":"https:\/\/diarioregionaldigital.com.br\/?p=169266","title":{"rendered":"IBGE lan\u00e7a painel interativo para apoiar munic\u00edpios no combate \u00e0 pandemia"},"content":{"rendered":"<p><span style=\"font-weight: 400;\">O IBGE lan\u00e7a nesta segunda-feira (21) o Painel Covid-19 S\u00edntese por Munic\u00edpio, com mapas interativos que permitem selecionar uma localidade de interesse e visualizar, em um \u00fanico ambiente, 24 indicadores para o planejamento de a\u00e7\u00f5es de apoio contra a pandemia para todos os 5.570 munic\u00edpios do pa\u00eds. A plataforma est\u00e1 dispon\u00edvel no hotsite covid19.ibge.gov.br.\u00a0\u00a0<\/span><\/p>\n<p><span style=\"font-weight: 400;\">Os dados s\u00e3o apresentados nas categorias <\/span><i><span style=\"font-weight: 400;\">popula\u00e7\u00e3o vulner\u00e1vel<\/span><\/i><span style=\"font-weight: 400;\">, <\/span><i><span style=\"font-weight: 400;\">capacidade de resposta do sistema de sa\u00fade<\/span><\/i><span style=\"font-weight: 400;\"> e <\/span><i><span style=\"font-weight: 400;\">acompanhamento da pandemia <\/span><\/i><span style=\"font-weight: 400;\">e podem ser baixados no formato kml, shp e csv. O painel integra informa\u00e7\u00f5es de pesquisas do IBGE e do Cadastro Nacional de Estabelecimentos de Sa\u00fade (CNES), do Minist\u00e9rio da Sa\u00fade, e da Fiocruz\/Brasil.IO.<\/span><\/p>\n<p><span style=\"font-weight: 400;\">\u201cA ideia \u00e9 permitir que a sociedade tenha acesso a um conjunto de informa\u00e7\u00f5es mais integradas de seu munic\u00edpio e tamb\u00e9m do contexto em que eles se encontram em rela\u00e7\u00e3o aos demais. O painel integra diversos indicadores coerentes em rela\u00e7\u00e3o \u00e0 pandemia, em um ambiente que permite visualizar, facilmente, as informa\u00e7\u00f5es no mapa e, a partir dele, comparar com outros munic\u00edpios e com a unidade da federa\u00e7\u00e3o de forma interativa\u201d, explica o coordenador de Geografia e Meio Ambiente, Claudio Stenner.<\/span><\/p>\n<p><span style=\"font-weight: 400;\">\u201cO gestor municipal, e estamos falando em 5.570 munic\u00edpios, tem uma ferramenta por meio da qual poder\u00e1 encontrar todos os indicadores de interesse num \u00fanico ponto, sem precisar ficar visitando diversos produtos\u201d, completa o coordenador de Geom\u00e1tica, Rafael March.<\/span><\/p>\n<p><b>Conhe\u00e7a as categorias e os 24 indicadores<\/b><\/p>\n<p><b>Popula\u00e7\u00e3o vulner\u00e1vel (2010 e 2019):<\/b><span style=\"font-weight: 400;\"> pessoas declaradas ind\u00edgenas (2010)\u200b, popula\u00e7\u00e3o com 60 anos ou mais (2010), popula\u00e7\u00e3o por faixa et\u00e1ria (2010), domic\u00edlios com tr\u00eas ou mais moradores por dormit\u00f3rio (2010), popula\u00e7\u00e3o (2010)\u200b, localidades ind\u00edgenas (2019), localidades quilombolas\u200b (2019), domic\u00edlios em aglomerados subnormais (2019)\u200b e popula\u00e7\u00e3o (2019).<\/span><\/p>\n<p><b>Capacidade de resposta do sistema de sa\u00fade (2019): <\/b><span style=\"font-weight: 400;\">enfermeiros, enfermeiros no SUS, estabelecimentos de sa\u00fade com suporte de observa\u00e7\u00e3o e interna\u00e7\u00e3o, estabelecimentos de sa\u00fade de aten\u00e7\u00e3o prim\u00e1ria, leitos de UTI, leitos de UTI no SUS, leitos hospitalares, leitos hospitalares no SUS, m\u00e9dicos, m\u00e9dicos no SUS, respiradores e respiradores no SUS.<\/span><\/p>\n<p><b>Acompanhamento da pandemia (2020): <\/b><span style=\"font-weight: 400;\">casos acumulados, casos na \u00faltima semana e casos novos no dia.<\/span><\/p>\n<p><span style=\"font-weight: 400;\">\u201cCada categoria tem v\u00e1rios indicadores apresentados abaixo do mapa e com a informa\u00e7\u00e3o de todas as fontes dos dados\u201d, explica a gerente de Integra\u00e7\u00e3o da Produ\u00e7\u00e3o de Geoinforma\u00e7\u00f5es, Aline Lopes Coelho.<\/span><\/p>\n<p><span style=\"font-weight: 400;\">Para cada indicador selecionado, o usu\u00e1rio pode visualizar n\u00e3o apenas a situa\u00e7\u00e3o do munic\u00edpio escolhido, mas a dos demais ao seu redor. As informa\u00e7\u00f5es do painel mudam ao selecionar um novo munic\u00edpio no campo de busca ou clicando em qualquer munic\u00edpio vis\u00edvel no mapa, conferindo agilidade \u00e0 consulta e permitindo compara\u00e7\u00f5es. A plataforma oferece, tamb\u00e9m, para cada indicador, valores de refer\u00eancia que possibilitam contextualizar o dado municipal e compar\u00e1-lo \u00e0 respectiva unidade da federa\u00e7\u00e3o.<\/span><\/p>\n<p><b>Regi\u00f5es de sa\u00fade<\/b><\/p>\n<p><span style=\"font-weight: 400;\">Os mapas interativos trazem, tamb\u00e9m, as regi\u00f5es de sa\u00fade identificadas pela pesquisa Regi\u00e3o de Influ\u00eancia das Cidades, que re\u00fanem munic\u00edpios de acordo com o destino principal ao qual a popula\u00e7\u00e3o recorre para a obten\u00e7\u00e3o de servi\u00e7os de sa\u00fade de baixa e m\u00e9dia complexidades. A visualiza\u00e7\u00e3o dessas regi\u00f5es sobrepostas ao mapa enriquece a an\u00e1lise, subsidiando o usu\u00e1rio com a informa\u00e7\u00e3o dos indicadores dos demais munic\u00edpios que t\u00eam rela\u00e7\u00e3o de depend\u00eancia na \u00e1rea da sa\u00fade.<\/span><\/p>\n<p><span style=\"font-weight: 400;\">\u201c\u00c9 poss\u00edvel ver alguns munic\u00edpios cercados por uma borda, formando uma regi\u00e3o em que as pessoas procuram acessar os mesmos munic\u00edpios para atendimento de sa\u00fade. Por exemplo, n\u00e3o basta Niter\u00f3i (RJ) estar bem, se S\u00e3o Gon\u00e7alo (RJ) ou o Rio de Janeiro (RJ) n\u00e3o estiverem. Para a decis\u00e3o sobre se afrouxa o isolamento ou n\u00e3o, \u00e9 importante que os munic\u00edpios da mesma regi\u00e3o consigam se enxergar\u201d, recomenda o analista de Integra\u00e7\u00e3o da Produ\u00e7\u00e3o de Geoinforma\u00e7\u00e3o Maur\u00edcio Gon\u00e7alves e Silva.<\/span><\/p>\n<p><strong>Fonte:\u00a0<\/strong>Ag\u00eancia IBGE<\/p>\n","protected":false},"excerpt":{"rendered":"<p>O IBGE lan\u00e7a nesta segunda-feira (21) o Painel Covid-19 S\u00edntese por Munic\u00edpio, com mapas interativos que permitem selecionar uma localidade de interesse e visualizar, em um \u00fanico ambiente, 24 indicadores para o planejamento de a\u00e7\u00f5es de apoio contra a pandemia para todos os 5.570 munic\u00edpios do pa\u00eds. A plataforma est\u00e1 dispon\u00edvel no hotsite covid19.ibge.gov.br.\u00a0\u00a0 Os [&hellip;]<\/p>\n","protected":false},"author":96,"featured_media":169267,"comment_status":"closed","ping_status":"closed","sticky":false,"template":"","format":"standard","meta":{"footnotes":""},"categories":[302,436,440,439],"tags":[],"class_list":["post-169266","post","type-post","status-publish","format-standard","has-post-thumbnail","hentry","category-brasil-mundo","category-destaque-da-semana","category-destaques-do-dia","category-ultima-hora"],"_links":{"self":[{"href":"https:\/\/diarioregionaldigital.com.br\/index.php?rest_route=\/wp\/v2\/posts\/169266","targetHints":{"allow":["GET"]}}],"collection":[{"href":"https:\/\/diarioregionaldigital.com.br\/index.php?rest_route=\/wp\/v2\/posts"}],"about":[{"href":"https:\/\/diarioregionaldigital.com.br\/index.php?rest_route=\/wp\/v2\/types\/post"}],"author":[{"embeddable":true,"href":"https:\/\/diarioregionaldigital.com.br\/index.php?rest_route=\/wp\/v2\/users\/96"}],"replies":[{"embeddable":true,"href":"https:\/\/diarioregionaldigital.com.br\/index.php?rest_route=%2Fwp%2Fv2%2Fcomments&post=169266"}],"version-history":[{"count":0,"href":"https:\/\/diarioregionaldigital.com.br\/index.php?rest_route=\/wp\/v2\/posts\/169266\/revisions"}],"wp:featuredmedia":[{"embeddable":true,"href":"https:\/\/diarioregionaldigital.com.br\/index.php?rest_route=\/wp\/v2\/media\/169267"}],"wp:attachment":[{"href":"https:\/\/diarioregionaldigital.com.br\/index.php?rest_route=%2Fwp%2Fv2%2Fmedia&parent=169266"}],"wp:term":[{"taxonomy":"category","embeddable":true,"href":"https:\/\/diarioregionaldigital.com.br\/index.php?rest_route=%2Fwp%2Fv2%2Fcategories&post=169266"},{"taxonomy":"post_tag","embeddable":true,"href":"https:\/\/diarioregionaldigital.com.br\/index.php?rest_route=%2Fwp%2Fv2%2Ftags&post=169266"}],"curies":[{"name":"wp","href":"https:\/\/api.w.org\/{rel}","templated":true}]}}