{"id":169264,"date":"2020-09-21T13:43:40","date_gmt":"2020-09-21T16:43:40","guid":{"rendered":"https:\/\/diarioregionaldigital.com.br\/?p=169264"},"modified":"2020-09-21T13:43:40","modified_gmt":"2020-09-21T16:43:40","slug":"boletim-totaliza-271-194-casos-e-6-727-mortes-por-covid-19-em-minas-gerais","status":"publish","type":"post","link":"https:\/\/diarioregionaldigital.com.br\/?p=169264","title":{"rendered":"Boletim totaliza 271.194 casos e 6.727 mortes por Covid-19 em Minas Gerais"},"content":{"rendered":"<p>O novo <a href=\"https:\/\/www.saude.mg.gov.br\/images\/Boletim-Epidemiologico_COVID-19_21.09.2020.pdf\">boletim epidemiol\u00f3gico<\/a> divulgado nesta segunda-feira (21) pela Secretaria de Estado da Sa\u00fade de Minas Gerais (SES-MG), indica que o estado acumula 271.194 pessoas infectadas por Coronav\u00edrus. Nas \u00faltimas 24h, foram registrados 1.141 novos casos. Segundo o boletim, j\u00e1 s\u00e3o 6.727 mortes confirmadas, sendo que 3.830 s\u00e3o do sexo masculino e 2.897 s\u00e3o do feminino. Al\u00e9m disso, 237.429 pacientes est\u00e3o recuperados da doen\u00e7a, representando 87,5% dos casos e at\u00e9 ent\u00e3o, 27.038 fazem acompanhamento m\u00e9dico.<\/p>\n<p>Conforme o SES-MG, foram feitos 130.441 testes laboratoriais, sendo que 33.667 deram positivo, 92.338 deram negativo e 1.746 est\u00e3o sob an\u00e1lise. Quanto aos dados de hospitaliza\u00e7\u00e3o, 27.008 pacientes infectados est\u00e3o internados em hospitais e 244.186 fazem isolamento domiciliar.<\/p>\n","protected":false},"excerpt":{"rendered":"<p>O novo boletim epidemiol\u00f3gico divulgado nesta segunda-feira (21) pela Secretaria de Estado da Sa\u00fade de Minas Gerais (SES-MG), indica que o estado acumula 271.194 pessoas infectadas por Coronav\u00edrus. Nas \u00faltimas 24h, foram registrados 1.141 novos casos. Segundo o boletim, j\u00e1 s\u00e3o 6.727 mortes confirmadas, sendo que 3.830 s\u00e3o do sexo masculino e 2.897 s\u00e3o do [&hellip;]<\/p>\n","protected":false},"author":96,"featured_media":159282,"comment_status":"closed","ping_status":"closed","sticky":false,"template":"","format":"standard","meta":{"footnotes":""},"categories":[436,440,252,439],"tags":[],"class_list":["post-169264","post","type-post","status-publish","format-standard","has-post-thumbnail","hentry","category-destaque-da-semana","category-destaques-do-dia","category-regiao","category-ultima-hora"],"_links":{"self":[{"href":"https:\/\/diarioregionaldigital.com.br\/index.php?rest_route=\/wp\/v2\/posts\/169264","targetHints":{"allow":["GET"]}}],"collection":[{"href":"https:\/\/diarioregionaldigital.com.br\/index.php?rest_route=\/wp\/v2\/posts"}],"about":[{"href":"https:\/\/diarioregionaldigital.com.br\/index.php?rest_route=\/wp\/v2\/types\/post"}],"author":[{"embeddable":true,"href":"https:\/\/diarioregionaldigital.com.br\/index.php?rest_route=\/wp\/v2\/users\/96"}],"replies":[{"embeddable":true,"href":"https:\/\/diarioregionaldigital.com.br\/index.php?rest_route=%2Fwp%2Fv2%2Fcomments&post=169264"}],"version-history":[{"count":0,"href":"https:\/\/diarioregionaldigital.com.br\/index.php?rest_route=\/wp\/v2\/posts\/169264\/revisions"}],"wp:featuredmedia":[{"embeddable":true,"href":"https:\/\/diarioregionaldigital.com.br\/index.php?rest_route=\/wp\/v2\/media\/159282"}],"wp:attachment":[{"href":"https:\/\/diarioregionaldigital.com.br\/index.php?rest_route=%2Fwp%2Fv2%2Fmedia&parent=169264"}],"wp:term":[{"taxonomy":"category","embeddable":true,"href":"https:\/\/diarioregionaldigital.com.br\/index.php?rest_route=%2Fwp%2Fv2%2Fcategories&post=169264"},{"taxonomy":"post_tag","embeddable":true,"href":"https:\/\/diarioregionaldigital.com.br\/index.php?rest_route=%2Fwp%2Fv2%2Ftags&post=169264"}],"curies":[{"name":"wp","href":"https:\/\/api.w.org\/{rel}","templated":true}]}}