{"id":169259,"date":"2020-09-20T00:05:00","date_gmt":"2020-09-20T03:05:00","guid":{"rendered":"https:\/\/diarioregionaldigital.com.br\/?p=169259"},"modified":"2020-09-19T21:51:12","modified_gmt":"2020-09-20T00:51:12","slug":"multifuncional-duravel-e-eco-friendly","status":"publish","type":"post","link":"https:\/\/diarioregionaldigital.com.br\/?p=169259","title":{"rendered":"MULTIFUNCIONAL, DUR\u00c1VEL E ECO FRIENDLY"},"content":{"rendered":"<p>Recentemente, a estilista inglesa Stella McCartney apresentou sua nova cole\u00e7\u00e3o, idealizada para ser multifuncional e de alto desempenho. Mas o que isso quer dizer? Segundo ela, em um futuro pr\u00f3ximo, tenderemos a consumir roupas em menor quantidade, com melhor qualidade e cada vez mais funcionais. Dessa forma, sua nova linha, Stellawear, mescla suas cole\u00e7\u00f5es de roupa de banho, esportiva e lingerie sem, no entanto, serem categorizadas como tal. A id\u00e9ia \u00e9 ter uma pe\u00e7a que funcione bem na academia, praia e em um jantar com amigos, simplificando o guarda-roupa e a vida de suas usu\u00e1rias. Tudo isso em nylon reciclado, de r\u00e1pida absor\u00e7\u00e3o, ou seja, pe\u00e7as funcionais, dur\u00e1veis e gentis com o planeta.<\/p>\n<p><a href=\"https:\/\/diarioregionaldigital.com.br\/wp-content\/uploads\/2020\/09\/diario-pagina-06.pdf\">CLIQUE AQUI PARA CONFERIR A COLUNA COMPLETA<\/a><\/p>\n","protected":false},"excerpt":{"rendered":"<p>Recentemente, a estilista inglesa Stella McCartney apresentou sua nova cole\u00e7\u00e3o, idealizada para ser multifuncional e de alto desempenho. Mas o que isso quer dizer? Segundo ela, em um futuro pr\u00f3ximo, tenderemos a consumir roupas em menor quantidade, com melhor qualidade e cada vez mais funcionais. Dessa forma, sua nova linha, Stellawear, mescla suas cole\u00e7\u00f5es de [&hellip;]<\/p>\n","protected":false},"author":96,"featured_media":169261,"comment_status":"closed","ping_status":"closed","sticky":false,"template":"","format":"standard","meta":{"footnotes":""},"categories":[1230],"tags":[],"class_list":["post-169259","post","type-post","status-publish","format-standard","has-post-thumbnail","hentry","category-moda-maria-carolina"],"_links":{"self":[{"href":"https:\/\/diarioregionaldigital.com.br\/index.php?rest_route=\/wp\/v2\/posts\/169259","targetHints":{"allow":["GET"]}}],"collection":[{"href":"https:\/\/diarioregionaldigital.com.br\/index.php?rest_route=\/wp\/v2\/posts"}],"about":[{"href":"https:\/\/diarioregionaldigital.com.br\/index.php?rest_route=\/wp\/v2\/types\/post"}],"author":[{"embeddable":true,"href":"https:\/\/diarioregionaldigital.com.br\/index.php?rest_route=\/wp\/v2\/users\/96"}],"replies":[{"embeddable":true,"href":"https:\/\/diarioregionaldigital.com.br\/index.php?rest_route=%2Fwp%2Fv2%2Fcomments&post=169259"}],"version-history":[{"count":0,"href":"https:\/\/diarioregionaldigital.com.br\/index.php?rest_route=\/wp\/v2\/posts\/169259\/revisions"}],"wp:featuredmedia":[{"embeddable":true,"href":"https:\/\/diarioregionaldigital.com.br\/index.php?rest_route=\/wp\/v2\/media\/169261"}],"wp:attachment":[{"href":"https:\/\/diarioregionaldigital.com.br\/index.php?rest_route=%2Fwp%2Fv2%2Fmedia&parent=169259"}],"wp:term":[{"taxonomy":"category","embeddable":true,"href":"https:\/\/diarioregionaldigital.com.br\/index.php?rest_route=%2Fwp%2Fv2%2Fcategories&post=169259"},{"taxonomy":"post_tag","embeddable":true,"href":"https:\/\/diarioregionaldigital.com.br\/index.php?rest_route=%2Fwp%2Fv2%2Ftags&post=169259"}],"curies":[{"name":"wp","href":"https:\/\/api.w.org\/{rel}","templated":true}]}}