{"id":169238,"date":"2020-09-20T06:00:44","date_gmt":"2020-09-20T09:00:44","guid":{"rendered":"https:\/\/diarioregionaldigital.com.br\/?p=169238"},"modified":"2020-09-19T00:30:41","modified_gmt":"2020-09-19T03:30:41","slug":"visualizando","status":"publish","type":"post","link":"https:\/\/diarioregionaldigital.com.br\/?p=169238","title":{"rendered":"Visualizando"},"content":{"rendered":"<p style=\"text-align: center;\"><strong>Bailando<\/strong><\/p>\n<p style=\"text-align: center;\">Seguindo a tradi\u00e7\u00e3o folcl\u00f3rica, o grupo de Dan\u00e7a Germ\u00e2nicas Schmetterling, sempre uma das atra\u00e7\u00f5es da Festa Alem\u00e3, no Borboleta, est\u00e1 completando 30 anos com mais de mil apresenta\u00e7\u00f5es, inclusive na Oktoberfest de Blumenau (SC). Aplausos.<\/p>\n<p style=\"text-align: center;\"><strong>Presen\u00e7as Marcantes<\/strong><\/p>\n<p style=\"text-align: center;\">Quem veio a Juiz de Fora foi o Comandante da 1\u00aa Divis\u00e3o de Ex\u00e9rcito- Divis\u00e3o Mascarenhas de Moraes, o general Kleber Nunes de Vasconcellos para presidir a solenidade de passagem de comando da 4\u00aa Brigada. O general Jo\u00e3o Felipe Dias Alves sucedeu o general \u00c1lcio Costa, que foi transferido para Recife, onde passa a chefiar o estado maior do Comando Militar do Nordeste.<\/p>\n<p style=\"text-align: center;\"><strong>Arte Total<\/strong><\/p>\n<p style=\"text-align: center;\">Com sua habitual compet\u00eancia, a Pr\u00f3-reitoria de Cultura da UFJF, Val\u00e9ria Faria lan\u00e7ou o Pr\u00eamio Janelas Abertas, para incentivar os artistas que est\u00e3o sob o impacto da pandemia.<\/p>\n<p style=\"text-align: center;\"><strong>Nasceu<\/strong><\/p>\n<p style=\"text-align: center;\">Dona cegonha aprontou de novo. Colocou na chamin\u00e9 de La\u00eds Vieira Villela de Andrade e Leonardo Villela de Andrade, a linda estrelinha Alice. Comemorando muito, os pais Ver\u00f4nica e Samir Vieira (dela) e Mar\u00edlia e Haroldo Villela de Andrade (dele).<\/p>\n<p style=\"text-align: center;\"><span style=\"font-size: 14pt;\"><strong>Visualizando<\/strong><\/span><\/p>\n<p style=\"text-align: center;\">Placa de Caminh\u00e3o chique diz: Quem mal l\u00ea, mal ouve, mal fala, mal v\u00ea. (Monteiro Lobato)<\/p>\n<div id=\"attachment_169219\" style=\"width: 690px\" class=\"wp-caption aligncenter\"><img loading=\"lazy\" decoding=\"async\" aria-describedby=\"caption-attachment-169219\" class=\"wp-image-169219\" src=\"https:\/\/diarioregionaldigital.com.br\/wp-content\/uploads\/2020\/09\/fotoa-2-e1600483567530.jpeg\" alt=\"\" width=\"680\" height=\"497\" srcset=\"https:\/\/diarioregionaldigital.com.br\/wp-content\/uploads\/2020\/09\/fotoa-2-e1600483567530.jpeg 720w, https:\/\/diarioregionaldigital.com.br\/wp-content\/uploads\/2020\/09\/fotoa-2-e1600483567530-300x219.jpeg 300w, https:\/\/diarioregionaldigital.com.br\/wp-content\/uploads\/2020\/09\/fotoa-2-e1600483567530-360x263.jpeg 360w\" sizes=\"auto, (max-width: 680px) 100vw, 680px\" \/><p id=\"caption-attachment-169219\" class=\"wp-caption-text\">O charme elegante do modelo revela\u00e7\u00e3o de 2020, Ramon Wagner para Oficina do Terno<\/p><\/div>\n<div id=\"attachment_169220\" style=\"width: 690px\" class=\"wp-caption aligncenter\"><img loading=\"lazy\" decoding=\"async\" aria-describedby=\"caption-attachment-169220\" class=\"wp-image-169220\" src=\"https:\/\/diarioregionaldigital.com.br\/wp-content\/uploads\/2020\/09\/fotoaa-5-e1600483805338.jpeg\" alt=\"\" width=\"680\" height=\"499\" srcset=\"https:\/\/diarioregionaldigital.com.br\/wp-content\/uploads\/2020\/09\/fotoaa-5-e1600483805338.jpeg 900w, https:\/\/diarioregionaldigital.com.br\/wp-content\/uploads\/2020\/09\/fotoaa-5-e1600483805338-300x220.jpeg 300w, https:\/\/diarioregionaldigital.com.br\/wp-content\/uploads\/2020\/09\/fotoaa-5-e1600483805338-768x563.jpeg 768w, https:\/\/diarioregionaldigital.com.br\/wp-content\/uploads\/2020\/09\/fotoaa-5-e1600483805338-360x264.jpeg 360w\" sizes=\"auto, (max-width: 680px) 100vw, 680px\" \/><p id=\"caption-attachment-169220\" class=\"wp-caption-text\">No Rio de Janeiro Jeycow Ferraz recebe o Trof\u00e9u Di\u00e1rio Regional RCWTV como Melhor dublador de musicais de 2020.aplausos<\/p><\/div>\n<div id=\"attachment_169221\" style=\"width: 690px\" class=\"wp-caption aligncenter\"><img loading=\"lazy\" decoding=\"async\" aria-describedby=\"caption-attachment-169221\" class=\"wp-image-169221\" src=\"https:\/\/diarioregionaldigital.com.br\/wp-content\/uploads\/2020\/09\/fotob-6-e1600484094176.jpg\" alt=\"\" width=\"680\" height=\"472\" srcset=\"https:\/\/diarioregionaldigital.com.br\/wp-content\/uploads\/2020\/09\/fotob-6-e1600484094176.jpg 1199w, https:\/\/diarioregionaldigital.com.br\/wp-content\/uploads\/2020\/09\/fotob-6-e1600484094176-300x208.jpg 300w, https:\/\/diarioregionaldigital.com.br\/wp-content\/uploads\/2020\/09\/fotob-6-e1600484094176-1024x711.jpg 1024w, https:\/\/diarioregionaldigital.com.br\/wp-content\/uploads\/2020\/09\/fotob-6-e1600484094176-768x533.jpg 768w, https:\/\/diarioregionaldigital.com.br\/wp-content\/uploads\/2020\/09\/fotob-6-e1600484094176-360x250.jpg 360w, https:\/\/diarioregionaldigital.com.br\/wp-content\/uploads\/2020\/09\/fotob-6-e1600484094176-100x70.jpg 100w\" sizes=\"auto, (max-width: 680px) 100vw, 680px\" \/><p id=\"caption-attachment-169221\" class=\"wp-caption-text\">Nayane Neto arraso com seu estilo refinado com chap\u00e9u By Candy<\/p><\/div>\n<div id=\"attachment_169222\" style=\"width: 690px\" class=\"wp-caption aligncenter\"><img loading=\"lazy\" decoding=\"async\" aria-describedby=\"caption-attachment-169222\" class=\"wp-image-169222\" src=\"https:\/\/diarioregionaldigital.com.br\/wp-content\/uploads\/2020\/09\/fotod-9-e1600484123781.jpg\" alt=\"\" width=\"680\" height=\"494\" srcset=\"https:\/\/diarioregionaldigital.com.br\/wp-content\/uploads\/2020\/09\/fotod-9-e1600484123781.jpg 704w, https:\/\/diarioregionaldigital.com.br\/wp-content\/uploads\/2020\/09\/fotod-9-e1600484123781-300x218.jpg 300w, https:\/\/diarioregionaldigital.com.br\/wp-content\/uploads\/2020\/09\/fotod-9-e1600484123781-360x261.jpg 360w\" sizes=\"auto, (max-width: 680px) 100vw, 680px\" \/><p id=\"caption-attachment-169222\" class=\"wp-caption-text\">Em cena Feliz Anivers\u00e1rio, Nelson J\u00fanior com Rafaela Larcher e Leonardo Carvalho<\/p><\/div>\n<div id=\"attachment_169223\" style=\"width: 690px\" class=\"wp-caption aligncenter\"><img loading=\"lazy\" decoding=\"async\" aria-describedby=\"caption-attachment-169223\" class=\"wp-image-169223\" src=\"https:\/\/diarioregionaldigital.com.br\/wp-content\/uploads\/2020\/09\/fotoe-12-e1600484151337.jpg\" alt=\"\" width=\"680\" height=\"467\" srcset=\"https:\/\/diarioregionaldigital.com.br\/wp-content\/uploads\/2020\/09\/fotoe-12-e1600484151337.jpg 705w, https:\/\/diarioregionaldigital.com.br\/wp-content\/uploads\/2020\/09\/fotoe-12-e1600484151337-300x206.jpg 300w, https:\/\/diarioregionaldigital.com.br\/wp-content\/uploads\/2020\/09\/fotoe-12-e1600484151337-360x247.jpg 360w, https:\/\/diarioregionaldigital.com.br\/wp-content\/uploads\/2020\/09\/fotoe-12-e1600484151337-100x70.jpg 100w\" sizes=\"auto, (max-width: 680px) 100vw, 680px\" \/><p id=\"caption-attachment-169223\" class=\"wp-caption-text\">Sandra Portella linda vestida pela estilista Labibe Sim\u00e3o para o Pr\u00eamio da M\u00fasica Popular Brasileira<\/p><\/div>\n<div id=\"attachment_169226\" style=\"width: 690px\" class=\"wp-caption aligncenter\"><img loading=\"lazy\" decoding=\"async\" aria-describedby=\"caption-attachment-169226\" class=\"wp-image-169226\" src=\"https:\/\/diarioregionaldigital.com.br\/wp-content\/uploads\/2020\/09\/fotoh-11-e1600484250687.jpg\" alt=\"\" width=\"680\" height=\"494\" srcset=\"https:\/\/diarioregionaldigital.com.br\/wp-content\/uploads\/2020\/09\/fotoh-11-e1600484250687.jpg 395w, https:\/\/diarioregionaldigital.com.br\/wp-content\/uploads\/2020\/09\/fotoh-11-e1600484250687-300x218.jpg 300w, https:\/\/diarioregionaldigital.com.br\/wp-content\/uploads\/2020\/09\/fotoh-11-e1600484250687-360x262.jpg 360w\" sizes=\"auto, (max-width: 680px) 100vw, 680px\" \/><p id=\"caption-attachment-169226\" class=\"wp-caption-text\">No suntuosos Victory Business Hotel: Karla Naresi e Luis Ant\u00f4nio Naresi J\u00fanior<\/p><\/div>\n<div id=\"attachment_169224\" style=\"width: 690px\" class=\"wp-caption aligncenter\"><img loading=\"lazy\" decoding=\"async\" aria-describedby=\"caption-attachment-169224\" class=\"wp-image-169224\" src=\"https:\/\/diarioregionaldigital.com.br\/wp-content\/uploads\/2020\/09\/fotof-10-e1600484188122.jpg\" alt=\"\" width=\"680\" height=\"468\" srcset=\"https:\/\/diarioregionaldigital.com.br\/wp-content\/uploads\/2020\/09\/fotof-10-e1600484188122.jpg 662w, https:\/\/diarioregionaldigital.com.br\/wp-content\/uploads\/2020\/09\/fotof-10-e1600484188122-300x207.jpg 300w, https:\/\/diarioregionaldigital.com.br\/wp-content\/uploads\/2020\/09\/fotof-10-e1600484188122-360x248.jpg 360w, https:\/\/diarioregionaldigital.com.br\/wp-content\/uploads\/2020\/09\/fotof-10-e1600484188122-100x70.jpg 100w\" sizes=\"auto, (max-width: 680px) 100vw, 680px\" \/><p id=\"caption-attachment-169224\" class=\"wp-caption-text\">Gente de real valor na C\u00e2mara, Anna Ede e Rodrigo Botti: (Foto Marc\u00edlio Gomes)<\/p><\/div>\n<div id=\"attachment_169228\" style=\"width: 690px\" class=\"wp-caption aligncenter\"><img loading=\"lazy\" decoding=\"async\" aria-describedby=\"caption-attachment-169228\" class=\"wp-image-169228\" src=\"https:\/\/diarioregionaldigital.com.br\/wp-content\/uploads\/2020\/09\/fotoj-3-e1600484312113.jpg\" alt=\"\" width=\"680\" height=\"563\" srcset=\"https:\/\/diarioregionaldigital.com.br\/wp-content\/uploads\/2020\/09\/fotoj-3-e1600484312113.jpg 637w, https:\/\/diarioregionaldigital.com.br\/wp-content\/uploads\/2020\/09\/fotoj-3-e1600484312113-300x248.jpg 300w, https:\/\/diarioregionaldigital.com.br\/wp-content\/uploads\/2020\/09\/fotoj-3-e1600484312113-360x298.jpg 360w\" sizes=\"auto, (max-width: 680px) 100vw, 680px\" \/><p id=\"caption-attachment-169228\" class=\"wp-caption-text\">Antes da pandemia no Terrazzo, os incr\u00edveis Kaio Barros e Jorge Modesto<\/p><\/div>\n<div id=\"attachment_169229\" style=\"width: 690px\" class=\"wp-caption aligncenter\"><img loading=\"lazy\" decoding=\"async\" aria-describedby=\"caption-attachment-169229\" class=\"wp-image-169229\" src=\"https:\/\/diarioregionaldigital.com.br\/wp-content\/uploads\/2020\/09\/fotol-1-e1600484335142.jpg\" alt=\"\" width=\"680\" height=\"561\" srcset=\"https:\/\/diarioregionaldigital.com.br\/wp-content\/uploads\/2020\/09\/fotol-1-e1600484335142.jpg 604w, https:\/\/diarioregionaldigital.com.br\/wp-content\/uploads\/2020\/09\/fotol-1-e1600484335142-300x247.jpg 300w, https:\/\/diarioregionaldigital.com.br\/wp-content\/uploads\/2020\/09\/fotol-1-e1600484335142-360x297.jpg 360w\" sizes=\"auto, (max-width: 680px) 100vw, 680px\" \/><p id=\"caption-attachment-169229\" class=\"wp-caption-text\">Os irm\u00e3os advogados R\u00f4mullo Rossi e Karina Rossi, brindando sucesso<\/p><\/div>\n<div id=\"attachment_169227\" style=\"width: 690px\" class=\"wp-caption aligncenter\"><img loading=\"lazy\" decoding=\"async\" aria-describedby=\"caption-attachment-169227\" class=\"wp-image-169227\" src=\"https:\/\/diarioregionaldigital.com.br\/wp-content\/uploads\/2020\/09\/fotoi-8-e1600484284408.jpg\" alt=\"\" width=\"680\" height=\"489\" srcset=\"https:\/\/diarioregionaldigital.com.br\/wp-content\/uploads\/2020\/09\/fotoi-8-e1600484284408.jpg 942w, https:\/\/diarioregionaldigital.com.br\/wp-content\/uploads\/2020\/09\/fotoi-8-e1600484284408-300x216.jpg 300w, https:\/\/diarioregionaldigital.com.br\/wp-content\/uploads\/2020\/09\/fotoi-8-e1600484284408-768x553.jpg 768w, https:\/\/diarioregionaldigital.com.br\/wp-content\/uploads\/2020\/09\/fotoi-8-e1600484284408-360x259.jpg 360w\" sizes=\"auto, (max-width: 680px) 100vw, 680px\" \/><p id=\"caption-attachment-169227\" class=\"wp-caption-text\">O arquiteto Luis Duque (aniversariando) ladeado de Rodrigo Bissoli e Aline Vilella<\/p><\/div>\n<div id=\"attachment_169225\" style=\"width: 690px\" class=\"wp-caption aligncenter\"><img loading=\"lazy\" decoding=\"async\" aria-describedby=\"caption-attachment-169225\" class=\"wp-image-169225\" src=\"https:\/\/diarioregionaldigital.com.br\/wp-content\/uploads\/2020\/09\/fotog-12-e1600484212345.jpg\" alt=\"\" width=\"680\" height=\"493\" srcset=\"https:\/\/diarioregionaldigital.com.br\/wp-content\/uploads\/2020\/09\/fotog-12-e1600484212345.jpg 1899w, https:\/\/diarioregionaldigital.com.br\/wp-content\/uploads\/2020\/09\/fotog-12-e1600484212345-300x218.jpg 300w, https:\/\/diarioregionaldigital.com.br\/wp-content\/uploads\/2020\/09\/fotog-12-e1600484212345-1024x743.jpg 1024w, https:\/\/diarioregionaldigital.com.br\/wp-content\/uploads\/2020\/09\/fotog-12-e1600484212345-768x557.jpg 768w, https:\/\/diarioregionaldigital.com.br\/wp-content\/uploads\/2020\/09\/fotog-12-e1600484212345-1536x1114.jpg 1536w, https:\/\/diarioregionaldigital.com.br\/wp-content\/uploads\/2020\/09\/fotog-12-e1600484212345-360x261.jpg 360w\" sizes=\"auto, (max-width: 680px) 100vw, 680px\" \/><p id=\"caption-attachment-169225\" class=\"wp-caption-text\">Os chiqu\u00e9rrimos, Veralice Tam, Eduardo Gomes e Sara Costa, em clima de festa<\/p><\/div>\n<p style=\"text-align: center;\"><strong>FOTOSS\u00cdNTESE<\/strong><\/p>\n<p>Causou impacto a live do Diretor da Unimed, Glauco Ara\u00fajo abordando a preven\u00e7\u00e3o ao suic\u00eddio. O psiquiatra se destacou no Instagram da Unimed dentro da Campanha Setembro Amarelo.<\/p>\n<p>A ACR Empreendimentos fechou a compra da ampla \u00e1rea onde funcionou a Cofercil no Alto dos Passos. Com projeto arquitet\u00f4nico da Skylab, vai ser erguido l\u00e1 um centro comercial e residencial.<\/p>\n<p>Conceituado estabelecimento de ensino, a Universo conquistou o Selo de Institui\u00e7\u00e3o Socialmente Respons\u00e1vel, pelo servi\u00e7os prestados \u00e0 comunidade.<\/p>\n<p>Nos dias 14 e 15 vai acontecer on-line a 12\u00aa edi\u00e7\u00e3o do Congresso Brasileiro de Convention &amp; Visitors e Bureau.<\/p>\n<p>Foi um sucesso a live no YouTube com o humorista Marcelo Bonfante do grupo Parafuso Solto, em benef\u00edcio da funda\u00e7\u00e3o Ricardo Moys\u00e9s Jr.<br \/>\nO rapper juiz-forano Kalli em busca de consolida\u00e7\u00e3o no cen\u00e1rio nacional, lan\u00e7ou um belo \u00e1lbum de estreia com o tema \u201cDelorean\u201d.<\/p>\n<p>Antenad\u00edssimo e talentoso Matheus Engenheiro lan\u00e7ou o single \u201cChega devagar\u201d, inspirado na ansiedade e o desejo de delicadeza nas rela\u00e7\u00f5es.<\/p>\n<p>Um abra\u00e7o mais que especial para minha amiga a artista pl\u00e1stica Nequitz Miguel.<\/p>\n<p>Aten\u00e7\u00e3o: \u201cO mais divertido da vida \u00e9 fazer aquilo que os outros dizem que voc\u00ea n\u00e3o consegue fazer\u201d. (Walter Bagehot). Bom dia.<\/p>\n<p><img loading=\"lazy\" decoding=\"async\" class=\"aligncenter size-full wp-image-169237\" src=\"https:\/\/diarioregionaldigital.com.br\/wp-content\/uploads\/2020\/09\/anuncio2-scaled.jpg\" alt=\"\" width=\"2560\" height=\"492\" srcset=\"https:\/\/diarioregionaldigital.com.br\/wp-content\/uploads\/2020\/09\/anuncio2-scaled.jpg 2560w, https:\/\/diarioregionaldigital.com.br\/wp-content\/uploads\/2020\/09\/anuncio2-300x58.jpg 300w, https:\/\/diarioregionaldigital.com.br\/wp-content\/uploads\/2020\/09\/anuncio2-1024x197.jpg 1024w, https:\/\/diarioregionaldigital.com.br\/wp-content\/uploads\/2020\/09\/anuncio2-768x148.jpg 768w, https:\/\/diarioregionaldigital.com.br\/wp-content\/uploads\/2020\/09\/anuncio2-1536x295.jpg 1536w, https:\/\/diarioregionaldigital.com.br\/wp-content\/uploads\/2020\/09\/anuncio2-2048x394.jpg 2048w, https:\/\/diarioregionaldigital.com.br\/wp-content\/uploads\/2020\/09\/anuncio2-360x69.jpg 360w\" sizes=\"auto, (max-width: 2560px) 100vw, 2560px\" \/><\/p>\n","protected":false},"excerpt":{"rendered":"<p>Bailando Seguindo a tradi\u00e7\u00e3o folcl\u00f3rica, o grupo de Dan\u00e7a Germ\u00e2nicas Schmetterling, sempre uma das atra\u00e7\u00f5es da Festa Alem\u00e3, no Borboleta, est\u00e1 completando 30 anos com mais de mil apresenta\u00e7\u00f5es, inclusive na Oktoberfest de Blumenau (SC). Aplausos. Presen\u00e7as Marcantes Quem veio a Juiz de Fora foi o Comandante da 1\u00aa Divis\u00e3o de Ex\u00e9rcito- Divis\u00e3o Mascarenhas de [&hellip;]<\/p>\n","protected":false},"author":96,"featured_media":169241,"comment_status":"closed","ping_status":"closed","sticky":false,"template":"","format":"standard","meta":{"footnotes":""},"categories":[264],"tags":[],"class_list":["post-169238","post","type-post","status-publish","format-standard","has-post-thumbnail","hentry","category-eduardo-gomes"],"_links":{"self":[{"href":"https:\/\/diarioregionaldigital.com.br\/index.php?rest_route=\/wp\/v2\/posts\/169238","targetHints":{"allow":["GET"]}}],"collection":[{"href":"https:\/\/diarioregionaldigital.com.br\/index.php?rest_route=\/wp\/v2\/posts"}],"about":[{"href":"https:\/\/diarioregionaldigital.com.br\/index.php?rest_route=\/wp\/v2\/types\/post"}],"author":[{"embeddable":true,"href":"https:\/\/diarioregionaldigital.com.br\/index.php?rest_route=\/wp\/v2\/users\/96"}],"replies":[{"embeddable":true,"href":"https:\/\/diarioregionaldigital.com.br\/index.php?rest_route=%2Fwp%2Fv2%2Fcomments&post=169238"}],"version-history":[{"count":0,"href":"https:\/\/diarioregionaldigital.com.br\/index.php?rest_route=\/wp\/v2\/posts\/169238\/revisions"}],"wp:featuredmedia":[{"embeddable":true,"href":"https:\/\/diarioregionaldigital.com.br\/index.php?rest_route=\/wp\/v2\/media\/169241"}],"wp:attachment":[{"href":"https:\/\/diarioregionaldigital.com.br\/index.php?rest_route=%2Fwp%2Fv2%2Fmedia&parent=169238"}],"wp:term":[{"taxonomy":"category","embeddable":true,"href":"https:\/\/diarioregionaldigital.com.br\/index.php?rest_route=%2Fwp%2Fv2%2Fcategories&post=169238"},{"taxonomy":"post_tag","embeddable":true,"href":"https:\/\/diarioregionaldigital.com.br\/index.php?rest_route=%2Fwp%2Fv2%2Ftags&post=169238"}],"curies":[{"name":"wp","href":"https:\/\/api.w.org\/{rel}","templated":true}]}}