{"id":169233,"date":"2020-09-18T21:31:40","date_gmt":"2020-09-19T00:31:40","guid":{"rendered":"https:\/\/diarioregionaldigital.com.br\/?p=169233"},"modified":"2020-09-18T21:31:40","modified_gmt":"2020-09-19T00:31:40","slug":"caminhao-tomba-na-br-040-2","status":"publish","type":"post","link":"https:\/\/diarioregionaldigital.com.br\/?p=169233","title":{"rendered":"Caminh\u00e3o tomba na BR-040"},"content":{"rendered":"<p>No final da tarde desta sexta-feira (18), um caminh\u00e3o carregando aproximadamente mil botij\u00f5es de g\u00e1s, tombou no Km 787 da BR-040 em Juiz de Fora. Ao chegar no local, o Corpo de Bombeiros informa que o condutor do ve\u00edculo j\u00e1 havia sido socorrido e encaminhado com ferimentos graves para o Hospital Pronto Socorro (HPS). Ao todo foram utilizados seis mil litros de \u00e1gua e os trabalhos de combate \u00e0s chamas duraram cerca de duas horas e meia. Ap\u00f3s o local estar seguro, foi deixado aos cuidados da CONCER e da Pol\u00edcia Rodovi\u00e1ria Federal (PRF), que liberou o tr\u00e2nsito parcialmente.<\/p>\n<p>&nbsp;<\/p>\n","protected":false},"excerpt":{"rendered":"<p>No final da tarde desta sexta-feira (18), um caminh\u00e3o carregando aproximadamente mil botij\u00f5es de g\u00e1s, tombou no Km 787 da BR-040 em Juiz de Fora. Ao chegar no local, o Corpo de Bombeiros informa que o condutor do ve\u00edculo j\u00e1 havia sido socorrido e encaminhado com ferimentos graves para o Hospital Pronto Socorro (HPS). Ao [&hellip;]<\/p>\n","protected":false},"author":96,"featured_media":169234,"comment_status":"closed","ping_status":"closed","sticky":false,"template":"","format":"standard","meta":{"footnotes":""},"categories":[253,436,440,439],"tags":[],"class_list":["post-169233","post","type-post","status-publish","format-standard","has-post-thumbnail","hentry","category-cidade","category-destaque-da-semana","category-destaques-do-dia","category-ultima-hora"],"_links":{"self":[{"href":"https:\/\/diarioregionaldigital.com.br\/index.php?rest_route=\/wp\/v2\/posts\/169233","targetHints":{"allow":["GET"]}}],"collection":[{"href":"https:\/\/diarioregionaldigital.com.br\/index.php?rest_route=\/wp\/v2\/posts"}],"about":[{"href":"https:\/\/diarioregionaldigital.com.br\/index.php?rest_route=\/wp\/v2\/types\/post"}],"author":[{"embeddable":true,"href":"https:\/\/diarioregionaldigital.com.br\/index.php?rest_route=\/wp\/v2\/users\/96"}],"replies":[{"embeddable":true,"href":"https:\/\/diarioregionaldigital.com.br\/index.php?rest_route=%2Fwp%2Fv2%2Fcomments&post=169233"}],"version-history":[{"count":0,"href":"https:\/\/diarioregionaldigital.com.br\/index.php?rest_route=\/wp\/v2\/posts\/169233\/revisions"}],"wp:featuredmedia":[{"embeddable":true,"href":"https:\/\/diarioregionaldigital.com.br\/index.php?rest_route=\/wp\/v2\/media\/169234"}],"wp:attachment":[{"href":"https:\/\/diarioregionaldigital.com.br\/index.php?rest_route=%2Fwp%2Fv2%2Fmedia&parent=169233"}],"wp:term":[{"taxonomy":"category","embeddable":true,"href":"https:\/\/diarioregionaldigital.com.br\/index.php?rest_route=%2Fwp%2Fv2%2Fcategories&post=169233"},{"taxonomy":"post_tag","embeddable":true,"href":"https:\/\/diarioregionaldigital.com.br\/index.php?rest_route=%2Fwp%2Fv2%2Ftags&post=169233"}],"curies":[{"name":"wp","href":"https:\/\/api.w.org\/{rel}","templated":true}]}}