{"id":169230,"date":"2020-09-18T21:25:04","date_gmt":"2020-09-19T00:25:04","guid":{"rendered":"https:\/\/diarioregionaldigital.com.br\/?p=169230"},"modified":"2020-09-18T21:25:04","modified_gmt":"2020-09-19T00:25:04","slug":"brasil-acumula-44-milhoes-de-casos-e-135-mil-mortes-por-covid-19","status":"publish","type":"post","link":"https:\/\/diarioregionaldigital.com.br\/?p=169230","title":{"rendered":"Brasil acumula 4,4 milh\u00f5es de casos e 135 mil mortes por covid-19"},"content":{"rendered":"<p>O Brasil passou das 135 mil mortes por covid-19, nesta sexta-feira (18). O n\u00famero\u00a0foi divulgado\u00a0na atualiza\u00e7\u00e3o do Minist\u00e9rio da Sa\u00fade. Nas \u00faltimas 24 horas, foram registrados 858 \u00f3bitos pela covid-19,\u00a0totalizando 135.793 mortes, desde o in\u00edcio da pandemia. Ainda h\u00e1 2.352 \u00f3bitos em investiga\u00e7\u00e3o pelas autoridades de sa\u00fade.<img decoding=\"async\" src=\"https:\/\/agenciabrasil.ebc.com.br\/ebc.png?id=1388396&amp;o=node\" \/><img decoding=\"async\" src=\"https:\/\/agenciabrasil.ebc.com.br\/ebc.gif?id=1388396&amp;o=node\" \/><\/p>\n<p>Ainda de acordo com os dados, o pa\u00eds se aproxima\u00a0da marca de 4,5 milh\u00f5es de casos acumulados. Entre ontem e hoje, somaram-se \u00e0s estat\u00edsticas 39.797 pacientes diagnosticados com a covid-19, totalizando\u00a04.495.183 casos acumulados.<\/p>\n<p>Ontem, o Minist\u00e9rio da Sa\u00fade tamb\u00e9m divulgou o boletim epidemiol\u00f3gico semanal da covid-19. De acordo com os dados, o\u00a0<a href=\"https:\/\/agenciabrasil.ebc.com.br\/saude\/noticia\/2020-09\/covid-19-em-uma-semana-casos-caem-30-e-mortes13\" target=\"_blank\" rel=\"noopener noreferrer\">n\u00famero de casos\u00a0caiu<\/a>\u00a030% e o de mortes, 13%, na compara\u00e7\u00e3o com a semana epidemiol\u00f3gica anterior.<\/p>\n<p>Ainda de acordo com a atualiza\u00e7\u00e3o, 570.251 pessoas est\u00e3o em acompanhamento e outras 3.789.139 j\u00e1 se recuperaram.<\/p>\n<p>A letalidade (n\u00famero de \u00f3bitos pelo total de casos) ficou em 3%. A mortalidade (n\u00famero de falecimentos por 100 mil habitantes) est\u00e1 em 64,6. J\u00e1 a incid\u00eancia (total de casos por 100 mil habitantes) subiu para 2139,1.<\/p>\n<p><strong>Estados<\/strong><\/p>\n<p>Os estados com mais mortes s\u00e3o S\u00e3o Paulo (33.678), Rio de Janeiro (17.575), Cear\u00e1 (8.790), Pernambuco (7.971) e Minas Gerais (6.574). As Unidades da Federa\u00e7\u00e3o com menos vidas perdidas at\u00e9 o momento s\u00e3o Roraima (613), Acre (647), Amap\u00e1 (690), Tocantins (850) e Mato Grosso do Sul (1.148).<\/p>\n<p><strong>Fonte:\u00a0<\/strong>Ag\u00eancia Brasil<\/p>\n","protected":false},"excerpt":{"rendered":"<p>O Brasil passou das 135 mil mortes por covid-19, nesta sexta-feira (18). O n\u00famero\u00a0foi divulgado\u00a0na atualiza\u00e7\u00e3o do Minist\u00e9rio da Sa\u00fade. Nas \u00faltimas 24 horas, foram registrados 858 \u00f3bitos pela covid-19,\u00a0totalizando 135.793 mortes, desde o in\u00edcio da pandemia. Ainda h\u00e1 2.352 \u00f3bitos em investiga\u00e7\u00e3o pelas autoridades de sa\u00fade. Ainda de acordo com os dados, o pa\u00eds [&hellip;]<\/p>\n","protected":false},"author":96,"featured_media":169231,"comment_status":"closed","ping_status":"closed","sticky":false,"template":"","format":"standard","meta":{"footnotes":""},"categories":[302,436,440,439],"tags":[],"class_list":["post-169230","post","type-post","status-publish","format-standard","has-post-thumbnail","hentry","category-brasil-mundo","category-destaque-da-semana","category-destaques-do-dia","category-ultima-hora"],"_links":{"self":[{"href":"https:\/\/diarioregionaldigital.com.br\/index.php?rest_route=\/wp\/v2\/posts\/169230","targetHints":{"allow":["GET"]}}],"collection":[{"href":"https:\/\/diarioregionaldigital.com.br\/index.php?rest_route=\/wp\/v2\/posts"}],"about":[{"href":"https:\/\/diarioregionaldigital.com.br\/index.php?rest_route=\/wp\/v2\/types\/post"}],"author":[{"embeddable":true,"href":"https:\/\/diarioregionaldigital.com.br\/index.php?rest_route=\/wp\/v2\/users\/96"}],"replies":[{"embeddable":true,"href":"https:\/\/diarioregionaldigital.com.br\/index.php?rest_route=%2Fwp%2Fv2%2Fcomments&post=169230"}],"version-history":[{"count":0,"href":"https:\/\/diarioregionaldigital.com.br\/index.php?rest_route=\/wp\/v2\/posts\/169230\/revisions"}],"wp:featuredmedia":[{"embeddable":true,"href":"https:\/\/diarioregionaldigital.com.br\/index.php?rest_route=\/wp\/v2\/media\/169231"}],"wp:attachment":[{"href":"https:\/\/diarioregionaldigital.com.br\/index.php?rest_route=%2Fwp%2Fv2%2Fmedia&parent=169230"}],"wp:term":[{"taxonomy":"category","embeddable":true,"href":"https:\/\/diarioregionaldigital.com.br\/index.php?rest_route=%2Fwp%2Fv2%2Fcategories&post=169230"},{"taxonomy":"post_tag","embeddable":true,"href":"https:\/\/diarioregionaldigital.com.br\/index.php?rest_route=%2Fwp%2Fv2%2Ftags&post=169230"}],"curies":[{"name":"wp","href":"https:\/\/api.w.org\/{rel}","templated":true}]}}