{"id":169214,"date":"2020-09-18T18:20:39","date_gmt":"2020-09-18T21:20:39","guid":{"rendered":"https:\/\/diarioregionaldigital.com.br\/?p=169214"},"modified":"2020-09-18T18:20:39","modified_gmt":"2020-09-18T21:20:39","slug":"prefeitura-registra-mais-tres-mortes-por-covid-19","status":"publish","type":"post","link":"https:\/\/diarioregionaldigital.com.br\/?p=169214","title":{"rendered":"Prefeitura registra mais tr\u00eas mortes por Covid-19"},"content":{"rendered":"<p>O novo boletim epidemiol\u00f3gico divulgado nesta sexta-feira (18) pela Secretaria de Sa\u00fade (SS) da Prefeitura de Juiz de Fora (PJF), confirma mais tr\u00eas \u00f3bitos decorrentes do Coronav\u00edrus, acumulando 193. Uma das v\u00edtimas era idoso de 65 anos e morreu ontem (17). Ele tinha como comorbidades Doen\u00e7a Cardiovascular Cr\u00f4nica (DCC), Doen\u00e7a Renal Cr\u00f4nica (DRC) e obesidade. A segunda v\u00edtima \u00e9 tamb\u00e9m um idoso, de 75 anos e veio a \u00f3bito no dia 6 de julho. Ele era portador de Doen\u00e7a Cardiovascular Cr\u00f4nica (DCC) e Doen\u00e7a Neurol\u00f3gica Cr\u00f4nica (DNC). O outro paciente tamb\u00e9m morreu no mesmo dia e era uma idosa, 75 anos, entretanto sem comorbidades. De acordo com os dados divulgados, foram registrados 94 novos casos, totalizando 5.611 Segundo o levantamento, 20.029 s\u00e3o suspeitos.<\/p>\n<p><b>Leitos\u00a0<\/b><\/p>\n<p>Segundo informa\u00e7\u00f5es da PJF, os leitos de enfermaria est\u00e3o com 66,57% de ocupa\u00e7\u00e3o. J\u00e1 os os leitos de UTI e SUS, est\u00e3o com taxa de 74,73% e 76,88% respectivamente.<\/p>\n<p><b>Casos recuperados<\/b><\/p>\n<p>Segundo dados da Secretaria de Estado da Sa\u00fade de Minas Gerais (SES-MG), 4.895 pacientes est\u00e3o recuperados da doen\u00e7a, representando 88,7% dos casos confirmados.<\/p>\n<p><b>Isolamento social<\/b><\/p>\n<p>Conforme os dados divulgados pela Prefeitura, o munic\u00edpio apresenta taxa de isolamento social em 49,27%, cuja m\u00e9dia \u00e9 dos \u00faltimos sete dias. O valor est\u00e1 um pouco acima da taxa registrada em Minas Gerais, que \u00e9 de 48,9%.<\/p>\n<p><b>Casos e \u00f3bitos confirmados<\/b><\/p>\n<p>Na compara\u00e7\u00e3o com outras cidades do estado, Juiz de Fora permanece como oitavo munic\u00edpio com maior n\u00famero de casos confirmados. Segundo dados da Secretaria de Estado da Sa\u00fade de Minas Gerais (SES-MG), na primeira posi\u00e7\u00e3o aparece Belo Horizonte com 39.978, Uberl\u00e2ndia em segundo com 24.428, Contagem em terceiro com 8.420, Ipatinga em quarto com 8.234, Montes Claros em quinto com 7.361, Governador Valadares em sexto com 6.825 e Betim em s\u00e9timo com 5.609, estes s\u00e3o os munic\u00edpios que apresentam mais casos confirmados em compara\u00e7\u00e3o com Juiz de Fora.<\/p>\n<p>J\u00e1 na quest\u00e3o das mortes confirmadas, o munic\u00edpio permanece em sexto nesse quesito. Belo Horizonte lidera com 1.153 \u00f3bitos, Uberl\u00e2ndia \u00e9 o segundo com 495, Contagem em terceiro com 337, Governador Valadares em quarto com 231 e Betim em quinto com 193.<\/p>\n","protected":false},"excerpt":{"rendered":"<p>O novo boletim epidemiol\u00f3gico divulgado nesta sexta-feira (18) pela Secretaria de Sa\u00fade (SS) da Prefeitura de Juiz de Fora (PJF), confirma mais tr\u00eas \u00f3bitos decorrentes do Coronav\u00edrus, acumulando 193. Uma das v\u00edtimas era idoso de 65 anos e morreu ontem (17). Ele tinha como comorbidades Doen\u00e7a Cardiovascular Cr\u00f4nica (DCC), Doen\u00e7a Renal Cr\u00f4nica (DRC) e obesidade. [&hellip;]<\/p>\n","protected":false},"author":96,"featured_media":169215,"comment_status":"closed","ping_status":"closed","sticky":false,"template":"","format":"standard","meta":{"footnotes":""},"categories":[253,436,440,439],"tags":[],"class_list":["post-169214","post","type-post","status-publish","format-standard","has-post-thumbnail","hentry","category-cidade","category-destaque-da-semana","category-destaques-do-dia","category-ultima-hora"],"_links":{"self":[{"href":"https:\/\/diarioregionaldigital.com.br\/index.php?rest_route=\/wp\/v2\/posts\/169214","targetHints":{"allow":["GET"]}}],"collection":[{"href":"https:\/\/diarioregionaldigital.com.br\/index.php?rest_route=\/wp\/v2\/posts"}],"about":[{"href":"https:\/\/diarioregionaldigital.com.br\/index.php?rest_route=\/wp\/v2\/types\/post"}],"author":[{"embeddable":true,"href":"https:\/\/diarioregionaldigital.com.br\/index.php?rest_route=\/wp\/v2\/users\/96"}],"replies":[{"embeddable":true,"href":"https:\/\/diarioregionaldigital.com.br\/index.php?rest_route=%2Fwp%2Fv2%2Fcomments&post=169214"}],"version-history":[{"count":0,"href":"https:\/\/diarioregionaldigital.com.br\/index.php?rest_route=\/wp\/v2\/posts\/169214\/revisions"}],"wp:featuredmedia":[{"embeddable":true,"href":"https:\/\/diarioregionaldigital.com.br\/index.php?rest_route=\/wp\/v2\/media\/169215"}],"wp:attachment":[{"href":"https:\/\/diarioregionaldigital.com.br\/index.php?rest_route=%2Fwp%2Fv2%2Fmedia&parent=169214"}],"wp:term":[{"taxonomy":"category","embeddable":true,"href":"https:\/\/diarioregionaldigital.com.br\/index.php?rest_route=%2Fwp%2Fv2%2Fcategories&post=169214"},{"taxonomy":"post_tag","embeddable":true,"href":"https:\/\/diarioregionaldigital.com.br\/index.php?rest_route=%2Fwp%2Fv2%2Ftags&post=169214"}],"curies":[{"name":"wp","href":"https:\/\/api.w.org\/{rel}","templated":true}]}}