{"id":169211,"date":"2020-09-18T17:46:00","date_gmt":"2020-09-18T20:46:00","guid":{"rendered":"https:\/\/diarioregionaldigital.com.br\/?p=169211"},"modified":"2020-09-18T17:46:00","modified_gmt":"2020-09-18T20:46:00","slug":"covid-19-ocupacao-de-leitos-na-rede-privada-cai-para-57-em-agosto","status":"publish","type":"post","link":"https:\/\/diarioregionaldigital.com.br\/?p=169211","title":{"rendered":"Covid-19: ocupa\u00e7\u00e3o de leitos na rede privada cai para 57% em agosto"},"content":{"rendered":"<p>A taxa mensal de ocupa\u00e7\u00e3o de leitos para covid-19 em hospitais de 52 operadoras privadas de planos de sa\u00fade caiu para 57% em agosto de 2020. Os dados foram divulgados hoje (18) no Boletim Covid-19 da Ag\u00eancia Nacional de Sa\u00fade Suplementar (ANS), que monitora informa\u00e7\u00f5es assistenciais e econ\u00f4mico-financeiras do setor durante a pandemia.<\/p>\n<p>A taxa mensal de ocupa\u00e7\u00e3o de leitos inclui enfermaria e unidades de terapia intensiva (UTI) destinadas exclusivamente ao tratamento da covid-19. O percentual atingiu o pico de 61% em maio, e nos dois meses seguintes manteve-se em 59%.<\/p>\n<p>Apesar da demanda por atendimento causada pela pandemia, a taxa geral de ocupa\u00e7\u00e3o de leitos vem se mantendo abaixo da registrada no ano passado desde fevereiro. Incluindo os leitos destinados a todos os atendimentos, a ocupa\u00e7\u00e3o em abril chegou a 51%, uma diferen\u00e7a de mais de 20 pontos percentuais em rela\u00e7\u00e3o aos 72% registrados em abril de 2019. Essa disparidade vem diminuindo desde ent\u00e3o, e chegou a 7 pontos percentuais em agosto, quando a ocupa\u00e7\u00e3o de leitos foi de 65% em 2020, contra 72% em 2019.<\/p>\n<p>Outro indicador cuja diferen\u00e7a foi reduzida em rela\u00e7\u00e3o ao ano passado foi o n\u00famero de autoriza\u00e7\u00f5es emitidas para exames e terapias. Em abril, o n\u00famero de autoriza\u00e7\u00f5es caiu 63% na compara\u00e7\u00e3o com abril de 2019. A diferen\u00e7a diminuiu ao longo dos meses e chegou a 12% em agosto.<img decoding=\"async\" src=\"https:\/\/agenciabrasil.ebc.com.br\/ebc.png?id=1388387&amp;o=node\" \/><img decoding=\"async\" src=\"https:\/\/agenciabrasil.ebc.com.br\/ebc.gif?id=1388387&amp;o=node\" \/><\/p>\n<p><strong>Mais idosos<\/strong><\/p>\n<p>A ANS informa ainda que julho de 2020 foi o primeiro m\u00eas, desde mar\u00e7o, em que n\u00e3o houve queda no n\u00famero de benefici\u00e1rios de planos m\u00e9dico-hospitalares. A varia\u00e7\u00e3o em rela\u00e7\u00e3o a julho foi de +0,1%, elevando o n\u00famero de benefici\u00e1rios para 46,8 milh\u00f5es.<\/p>\n<p>Classificada como grupo de risco para covid-19, a popula\u00e7\u00e3o idosa foi a \u00fanica que teve aumento de benefici\u00e1rios nos tr\u00eas tipos de plano: individual ou familiar (+1,05%), coletivo empresarial (+0,59%), e por coletivo por ades\u00e3o (+0,79%). Para a popula\u00e7\u00e3o com at\u00e9 59 anos, houve queda do n\u00famero de benefici\u00e1rios nos contratos coletivos empresariais e individuais ou familiares.<\/p>\n<p>Pela primeira vez desde o in\u00edcio da pandemia, o balan\u00e7o divulgado hoje traz a demanda por exames usados no diagn\u00f3stico da covid-19. Segundo a ANS, o n\u00famero de exames RT-PCR cresceu de 13.999 em mar\u00e7o para 124.376 em junho.<\/p>\n<p>O n\u00famero de exames de imagens de t\u00f3rax, outra ferramenta de diagn\u00f3stico da doen\u00e7a, tamb\u00e9m foi analisado. As tomografias computadorizadas chegaram a crescer 127,1% em maio, na compara\u00e7\u00e3o com fevereiro de 2020, e tiveram alta de 51,7% em junho, tamb\u00e9m em rela\u00e7\u00e3o a fevereiro.<\/p>\n<p>As radiografias de t\u00f3rax, por outro lado, v\u00eam caindo. Em junho, foram realizados 57% menos exames que em fevereiro.<\/p>\n<p><strong>Interna\u00e7\u00f5es<\/strong><\/p>\n<p>A m\u00e9dia de interna\u00e7\u00e3o para um paciente com covid-19 em unidades de terapia intensiva chegou a 12,7 dias em agosto, com custo de R$ 46.695. Em julho, as m\u00e9dias eram de 10,9 dias e R$ 42.991.<\/p>\n<p>O tempo m\u00e9dio de interna\u00e7\u00e3o foi quase o dobro do de casos cir\u00fargicos (6,1 dias) e tamb\u00e9m superou as outras interna\u00e7\u00f5es cl\u00ednicas em UTI (7,2 dias). Com dura\u00e7\u00e3o menor, o custo m\u00e9dio dessas interna\u00e7\u00f5es em UTI foi de R$ 20.697 e R$ 22.543, respectivamente.<\/p>\n<p><strong>Fonte:\u00a0<\/strong>Ag\u00eancia Brasil<\/p>\n","protected":false},"excerpt":{"rendered":"<p>A taxa mensal de ocupa\u00e7\u00e3o de leitos para covid-19 em hospitais de 52 operadoras privadas de planos de sa\u00fade caiu para 57% em agosto de 2020. Os dados foram divulgados hoje (18) no Boletim Covid-19 da Ag\u00eancia Nacional de Sa\u00fade Suplementar (ANS), que monitora informa\u00e7\u00f5es assistenciais e econ\u00f4mico-financeiras do setor durante a pandemia. A taxa [&hellip;]<\/p>\n","protected":false},"author":96,"featured_media":169212,"comment_status":"closed","ping_status":"closed","sticky":false,"template":"","format":"standard","meta":{"footnotes":""},"categories":[302,436,439],"tags":[],"class_list":["post-169211","post","type-post","status-publish","format-standard","has-post-thumbnail","hentry","category-brasil-mundo","category-destaque-da-semana","category-ultima-hora"],"_links":{"self":[{"href":"https:\/\/diarioregionaldigital.com.br\/index.php?rest_route=\/wp\/v2\/posts\/169211","targetHints":{"allow":["GET"]}}],"collection":[{"href":"https:\/\/diarioregionaldigital.com.br\/index.php?rest_route=\/wp\/v2\/posts"}],"about":[{"href":"https:\/\/diarioregionaldigital.com.br\/index.php?rest_route=\/wp\/v2\/types\/post"}],"author":[{"embeddable":true,"href":"https:\/\/diarioregionaldigital.com.br\/index.php?rest_route=\/wp\/v2\/users\/96"}],"replies":[{"embeddable":true,"href":"https:\/\/diarioregionaldigital.com.br\/index.php?rest_route=%2Fwp%2Fv2%2Fcomments&post=169211"}],"version-history":[{"count":0,"href":"https:\/\/diarioregionaldigital.com.br\/index.php?rest_route=\/wp\/v2\/posts\/169211\/revisions"}],"wp:featuredmedia":[{"embeddable":true,"href":"https:\/\/diarioregionaldigital.com.br\/index.php?rest_route=\/wp\/v2\/media\/169212"}],"wp:attachment":[{"href":"https:\/\/diarioregionaldigital.com.br\/index.php?rest_route=%2Fwp%2Fv2%2Fmedia&parent=169211"}],"wp:term":[{"taxonomy":"category","embeddable":true,"href":"https:\/\/diarioregionaldigital.com.br\/index.php?rest_route=%2Fwp%2Fv2%2Fcategories&post=169211"},{"taxonomy":"post_tag","embeddable":true,"href":"https:\/\/diarioregionaldigital.com.br\/index.php?rest_route=%2Fwp%2Fv2%2Ftags&post=169211"}],"curies":[{"name":"wp","href":"https:\/\/api.w.org\/{rel}","templated":true}]}}