{"id":169209,"date":"2020-09-18T17:22:50","date_gmt":"2020-09-18T20:22:50","guid":{"rendered":"https:\/\/diarioregionaldigital.com.br\/?p=169209"},"modified":"2020-09-18T17:22:50","modified_gmt":"2020-09-18T20:22:50","slug":"parceria-pjf-ufjf-ja-possibilitou-realizacao-de-quase-seis-mil-exames-de-covid-19","status":"publish","type":"post","link":"https:\/\/diarioregionaldigital.com.br\/?p=169209","title":{"rendered":"Parceria PJF\/UFJF j\u00e1 possibilitou realiza\u00e7\u00e3o de quase seis mil exames de covid-19"},"content":{"rendered":"<p>O n\u00famero de resultados de exames de covid-19 entregues ao Departamento de Vigil\u00e2ncia Epidemiol\u00f3gica e Ambiental (Dvea), da Secretaria de Sa\u00fade (SS) da Prefeitura de Juiz de Fora (PJF), chegou a 5.758 na semana de 10 a 17 de setembro. Foram 330 a mais em rela\u00e7\u00e3o \u00e0 semana anterior. Do total geral, 1.642 foram declarados positivos. Parceria com a Universidade Federal de Juiz de Fora (UFJF), firmada em abril, possibilitou os testes nos laborat\u00f3rios do Instituto de Ci\u00eancias Biol\u00f3gicas e da Faculdade de Farm\u00e1cia. N\u00e3o h\u00e1 cu<br \/>\nstos para os pacientes.<\/p>\n<p>O exame \u00e9 direcionado aos profissionais de sa\u00fade sintom\u00e1ticos, entre o terceiro e o d\u00e9cimo dia de ind\u00edcios da doen\u00e7a, aos pacientes internados em \u201cleitos covid\u201d, pactuados com o Munic\u00edpio, e aos atendidos na aten\u00e7\u00e3o b\u00e1sica, em situa\u00e7\u00e3o de vulnerabilidade. Est\u00e3o nesta condi\u00e7\u00e3o pessoas acima de 65 anos, cuidadores de idosos, diab\u00e9ticos, hipertensos descompensados e obesos.<\/p>\n<p>Tamb\u00e9m s\u00e3o contemplados servidores sintom\u00e1ticos da seguran\u00e7a p\u00fablica, do Departamento Municipal de Limpeza P\u00fablica (Demlurb), da Companhia de Saneamento Municipal (Cesama), dos centros de Refer\u00eancia de Assist\u00eancia Social (Cras) e Especializado de Assist\u00eancia Social (Creas) e dos demais servi\u00e7os de assist\u00eancia social que prestam atendimento direto \u00e0 popula\u00e7\u00e3o.<\/p>\n<p><strong>Fonte:\u00a0<\/strong>Assessoria<\/p>\n","protected":false},"excerpt":{"rendered":"<p>O n\u00famero de resultados de exames de covid-19 entregues ao Departamento de Vigil\u00e2ncia Epidemiol\u00f3gica e Ambiental (Dvea), da Secretaria de Sa\u00fade (SS) da Prefeitura de Juiz de Fora (PJF), chegou a 5.758 na semana de 10 a 17 de setembro. Foram 330 a mais em rela\u00e7\u00e3o \u00e0 semana anterior. Do total geral, 1.642 foram declarados [&hellip;]<\/p>\n","protected":false},"author":96,"featured_media":158549,"comment_status":"closed","ping_status":"closed","sticky":false,"template":"","format":"standard","meta":{"footnotes":""},"categories":[253,436,439],"tags":[],"class_list":["post-169209","post","type-post","status-publish","format-standard","has-post-thumbnail","hentry","category-cidade","category-destaque-da-semana","category-ultima-hora"],"_links":{"self":[{"href":"https:\/\/diarioregionaldigital.com.br\/index.php?rest_route=\/wp\/v2\/posts\/169209","targetHints":{"allow":["GET"]}}],"collection":[{"href":"https:\/\/diarioregionaldigital.com.br\/index.php?rest_route=\/wp\/v2\/posts"}],"about":[{"href":"https:\/\/diarioregionaldigital.com.br\/index.php?rest_route=\/wp\/v2\/types\/post"}],"author":[{"embeddable":true,"href":"https:\/\/diarioregionaldigital.com.br\/index.php?rest_route=\/wp\/v2\/users\/96"}],"replies":[{"embeddable":true,"href":"https:\/\/diarioregionaldigital.com.br\/index.php?rest_route=%2Fwp%2Fv2%2Fcomments&post=169209"}],"version-history":[{"count":0,"href":"https:\/\/diarioregionaldigital.com.br\/index.php?rest_route=\/wp\/v2\/posts\/169209\/revisions"}],"wp:featuredmedia":[{"embeddable":true,"href":"https:\/\/diarioregionaldigital.com.br\/index.php?rest_route=\/wp\/v2\/media\/158549"}],"wp:attachment":[{"href":"https:\/\/diarioregionaldigital.com.br\/index.php?rest_route=%2Fwp%2Fv2%2Fmedia&parent=169209"}],"wp:term":[{"taxonomy":"category","embeddable":true,"href":"https:\/\/diarioregionaldigital.com.br\/index.php?rest_route=%2Fwp%2Fv2%2Fcategories&post=169209"},{"taxonomy":"post_tag","embeddable":true,"href":"https:\/\/diarioregionaldigital.com.br\/index.php?rest_route=%2Fwp%2Fv2%2Ftags&post=169209"}],"curies":[{"name":"wp","href":"https:\/\/api.w.org\/{rel}","templated":true}]}}