{"id":169205,"date":"2020-09-18T17:01:15","date_gmt":"2020-09-18T20:01:15","guid":{"rendered":"https:\/\/diarioregionaldigital.com.br\/?p=169205"},"modified":"2020-09-18T17:05:10","modified_gmt":"2020-09-18T20:05:10","slug":"abertas-inscricoes-para-instituicoes-interessadas-em-sediar-provas-do-pism-2021","status":"publish","type":"post","link":"https:\/\/diarioregionaldigital.com.br\/?p=169205","title":{"rendered":"Abertas inscri\u00e7\u00f5es para institui\u00e7\u00f5es interessadas em sediar provas do Pism 2021"},"content":{"rendered":"<p>A Coordena\u00e7\u00e3o Geral de Processos Seletivos (Copese), da Universidade Federal de Juiz de Fora (UFJF), divulgou nesta sexta-feira, 18, o\u00a0<a href=\"https:\/\/www2.ufjf.br\/copese\/vestibular-pism-2\/pism-2021\/cadastro-de-escolas-pism-2021\/\">formul\u00e1rio para cadastro\u00a0<\/a>de institui\u00e7\u00f5es de ensino interessadas em ceder seus espa\u00e7os para a realiza\u00e7\u00e3o das provas do Processo de Ingresso Seletivo Misto (Pism) 2021. As inscri\u00e7\u00f5es ficam dispon\u00edveis at\u00e9 4 de novembro.<\/p>\n<p>Nesta edi\u00e7\u00e3o, os exames ser\u00e3o realizados em 2021. Para candidatos dos m\u00f3dulos II e III, nos dias 27 e 28 de fevereiro. J\u00e1 as avalia\u00e7\u00f5es direcionadas aos estudantes inscritos no M\u00f3dulo I acontecem em 13 e 14 mar\u00e7o.<\/p>\n<p>Podem se inscrever para receber a aplica\u00e7\u00e3o das provas as institui\u00e7\u00f5es de ensino, p\u00fablicas ou privadas, localizadas em Minas Gerais, nos munic\u00edpios de Juiz de Fora, Governador Valadares e Muria\u00e9. J\u00e1 no estado do Rio de Janeiro, ser\u00e3o aceitas institui\u00e7\u00f5es dos munic\u00edpios de Volta Redonda e Petr\u00f3polis.<\/p>\n<p>No ano passado, foram utilizados 78 locais de provas, sendo 48 em Juiz de Fora, nove em Governador Valadares, sete em Muria\u00e9 e Petr\u00f3polis e seis em Volta Redonda. \u201cCom o cen\u00e1rio atual e a necessidade de maior distanciamento entre os candidatos, estamos estimando entre 30 e 50% de aumento no n\u00famero de locais de provas para o Pism 2021\u201d, destaca a t\u00e9cnico-administrativa em Educa\u00e7\u00e3o (TAE) da Copese, Adriana Fernandes.<\/p>\n<p>Ap\u00f3s an\u00e1lise de viabilidade e interesse da UFJF, ser\u00e1 enviado contrato de concess\u00e3o gratuita e de uso exclusivo das depend\u00eancias nos dias da aplica\u00e7\u00e3o do Pism. As institui\u00e7\u00f5es escolhidas devem indicar um representante local, que ser\u00e1 o contato direto para todas as quest\u00f5es relativas ao exame.<\/p>\n<p>N\u00e3o ser\u00e1 poss\u00edvel a realiza\u00e7\u00e3o de outras atividades nos locais escolhidos, nos dias de provas do Pism; e o acesso de pessoas n\u00e3o envolvidas com a realiza\u00e7\u00e3o do processo seletivo tamb\u00e9m ser\u00e1 restrito nesses dias. \u201cAl\u00e9m disso, as salas de aulas e demais depend\u00eancias devem estar em bom estado, dando condi\u00e7\u00f5es de uso pelos candidatos. Os funcion\u00e1rios da escola devem passar por treinamento para atuar nas provas do Pism, conforme orientado pela Copese\u201d, orienta Adriana.<\/p>\n<p>As institui\u00e7\u00f5es cadastradas s\u00e3o escolhidas de acordo com uma s\u00e9rie de crit\u00e9rios, que levam em considera\u00e7\u00e3o caracter\u00edsticas como n\u00famero de salas e capacidade de alunos em cada uma delas; n\u00famero de andares e corredores, banheiros e demais depend\u00eancias.<\/p>\n<p><strong>Fonte:\u00a0<\/strong>Assessoria<\/p>\n","protected":false},"excerpt":{"rendered":"<p>A Coordena\u00e7\u00e3o Geral de Processos Seletivos (Copese), da Universidade Federal de Juiz de Fora (UFJF), divulgou nesta sexta-feira, 18, o\u00a0formul\u00e1rio para cadastro\u00a0de institui\u00e7\u00f5es de ensino interessadas em ceder seus espa\u00e7os para a realiza\u00e7\u00e3o das provas do Processo de Ingresso Seletivo Misto (Pism) 2021. As inscri\u00e7\u00f5es ficam dispon\u00edveis at\u00e9 4 de novembro. Nesta edi\u00e7\u00e3o, os exames [&hellip;]<\/p>\n","protected":false},"author":96,"featured_media":168714,"comment_status":"closed","ping_status":"closed","sticky":false,"template":"","format":"standard","meta":{"footnotes":""},"categories":[253,436,439],"tags":[],"class_list":["post-169205","post","type-post","status-publish","format-standard","has-post-thumbnail","hentry","category-cidade","category-destaque-da-semana","category-ultima-hora"],"_links":{"self":[{"href":"https:\/\/diarioregionaldigital.com.br\/index.php?rest_route=\/wp\/v2\/posts\/169205","targetHints":{"allow":["GET"]}}],"collection":[{"href":"https:\/\/diarioregionaldigital.com.br\/index.php?rest_route=\/wp\/v2\/posts"}],"about":[{"href":"https:\/\/diarioregionaldigital.com.br\/index.php?rest_route=\/wp\/v2\/types\/post"}],"author":[{"embeddable":true,"href":"https:\/\/diarioregionaldigital.com.br\/index.php?rest_route=\/wp\/v2\/users\/96"}],"replies":[{"embeddable":true,"href":"https:\/\/diarioregionaldigital.com.br\/index.php?rest_route=%2Fwp%2Fv2%2Fcomments&post=169205"}],"version-history":[{"count":0,"href":"https:\/\/diarioregionaldigital.com.br\/index.php?rest_route=\/wp\/v2\/posts\/169205\/revisions"}],"wp:featuredmedia":[{"embeddable":true,"href":"https:\/\/diarioregionaldigital.com.br\/index.php?rest_route=\/wp\/v2\/media\/168714"}],"wp:attachment":[{"href":"https:\/\/diarioregionaldigital.com.br\/index.php?rest_route=%2Fwp%2Fv2%2Fmedia&parent=169205"}],"wp:term":[{"taxonomy":"category","embeddable":true,"href":"https:\/\/diarioregionaldigital.com.br\/index.php?rest_route=%2Fwp%2Fv2%2Fcategories&post=169205"},{"taxonomy":"post_tag","embeddable":true,"href":"https:\/\/diarioregionaldigital.com.br\/index.php?rest_route=%2Fwp%2Fv2%2Ftags&post=169205"}],"curies":[{"name":"wp","href":"https:\/\/api.w.org\/{rel}","templated":true}]}}