{"id":169202,"date":"2020-09-18T16:22:08","date_gmt":"2020-09-18T19:22:08","guid":{"rendered":"https:\/\/diarioregionaldigital.com.br\/?p=169202"},"modified":"2020-09-18T16:22:08","modified_gmt":"2020-09-18T19:22:08","slug":"settra-abre-curso-para-professores-municipais-na-semana-nacional-de-transito","status":"publish","type":"post","link":"https:\/\/diarioregionaldigital.com.br\/?p=169202","title":{"rendered":"Settra abre curso para professores municipais na \u201cSemana Nacional de Tr\u00e2nsito\u201d"},"content":{"rendered":"<div id=\"box_texto_noticia\">A Secretaria de Transportes e Tr\u00e2nsito (Settra), da Prefeitura de Juiz de Fora (PJF), est\u00e1 oferecendo o curso \u201cMultiplicadores de Educa\u00e7\u00e3o Para o Tr\u00e2nsito\u201d, com foco nos professores da rede municipal de ensino, na modalidade a dist\u00e2ncia. As aulas ser\u00e3o ministradas pela plataforma Moodle, da PJF. As inscri\u00e7\u00f5es come\u00e7am na pr\u00f3xima segunda-feira, 21. Os interessados podem entrar em contato pelo telefone 3690-8235, das 8 \u00e0s 12 horas.<\/p>\n<p>A grade do curso trar\u00e1 no\u00e7\u00f5es b\u00e1sicas de legisla\u00e7\u00e3o, psicologia, educa\u00e7\u00e3o para mobilidade urbana, sa\u00fade, meio ambiente e cidadania. Ser\u00e3o 40 horas de curso, distribu\u00eddas entre estes cinco temas, todos direcionados \u00e0 quest\u00e3o do tr\u00e2nsito.<\/p>\n<p>Os participantes ganhar\u00e3o certificado, com registro na Secretaria de Educa\u00e7\u00e3o (SE) e chancela da Settra, com validade para provas de t\u00edtulos, observadas as disposi\u00e7\u00f5es dos editais.<\/p>\n<p>Para a supervisora de Projetos de Educa\u00e7\u00e3o para Mobilidade Urbana, Renata Vianna, \u201co tema \u00b4mobilidade urbana` tem de estar no dia-a-dia da comunidade escolar, e n\u00e3o s\u00f3 apenas nas datas comemorativas, como a \u00b4Semana Nacional de Tr\u00e2nsito` ou \u00b4Maio Amarelo`. A tem\u00e1tica precisa existir ao longo do ano, de forma perene e transversal. Acreditamos que a escola \u00e9 parceira nesse e em muitos outros assuntos, t\u00e3o importantes para a manuten\u00e7\u00e3o da cidadania e o estabelecimento de uma cultura de paz&#8221;.<\/p><\/div>\n<div><\/div>\n<div><strong>Fonte:\u00a0<\/strong>Assessoria<\/div>\n<p>&nbsp;<\/p>\n<div id=\"box_compartilhar\" align=\"right\"><\/div>\n","protected":false},"excerpt":{"rendered":"<p>A Secretaria de Transportes e Tr\u00e2nsito (Settra), da Prefeitura de Juiz de Fora (PJF), est\u00e1 oferecendo o curso \u201cMultiplicadores de Educa\u00e7\u00e3o Para o Tr\u00e2nsito\u201d, com foco nos professores da rede municipal de ensino, na modalidade a dist\u00e2ncia. As aulas ser\u00e3o ministradas pela plataforma Moodle, da PJF. As inscri\u00e7\u00f5es come\u00e7am na pr\u00f3xima segunda-feira, 21. Os interessados [&hellip;]<\/p>\n","protected":false},"author":96,"featured_media":169203,"comment_status":"closed","ping_status":"closed","sticky":false,"template":"","format":"standard","meta":{"footnotes":""},"categories":[253,436,439],"tags":[],"class_list":["post-169202","post","type-post","status-publish","format-standard","has-post-thumbnail","hentry","category-cidade","category-destaque-da-semana","category-ultima-hora"],"_links":{"self":[{"href":"https:\/\/diarioregionaldigital.com.br\/index.php?rest_route=\/wp\/v2\/posts\/169202","targetHints":{"allow":["GET"]}}],"collection":[{"href":"https:\/\/diarioregionaldigital.com.br\/index.php?rest_route=\/wp\/v2\/posts"}],"about":[{"href":"https:\/\/diarioregionaldigital.com.br\/index.php?rest_route=\/wp\/v2\/types\/post"}],"author":[{"embeddable":true,"href":"https:\/\/diarioregionaldigital.com.br\/index.php?rest_route=\/wp\/v2\/users\/96"}],"replies":[{"embeddable":true,"href":"https:\/\/diarioregionaldigital.com.br\/index.php?rest_route=%2Fwp%2Fv2%2Fcomments&post=169202"}],"version-history":[{"count":0,"href":"https:\/\/diarioregionaldigital.com.br\/index.php?rest_route=\/wp\/v2\/posts\/169202\/revisions"}],"wp:featuredmedia":[{"embeddable":true,"href":"https:\/\/diarioregionaldigital.com.br\/index.php?rest_route=\/wp\/v2\/media\/169203"}],"wp:attachment":[{"href":"https:\/\/diarioregionaldigital.com.br\/index.php?rest_route=%2Fwp%2Fv2%2Fmedia&parent=169202"}],"wp:term":[{"taxonomy":"category","embeddable":true,"href":"https:\/\/diarioregionaldigital.com.br\/index.php?rest_route=%2Fwp%2Fv2%2Fcategories&post=169202"},{"taxonomy":"post_tag","embeddable":true,"href":"https:\/\/diarioregionaldigital.com.br\/index.php?rest_route=%2Fwp%2Fv2%2Ftags&post=169202"}],"curies":[{"name":"wp","href":"https:\/\/api.w.org\/{rel}","templated":true}]}}