{"id":169197,"date":"2020-09-18T16:15:41","date_gmt":"2020-09-18T19:15:41","guid":{"rendered":"https:\/\/diarioregionaldigital.com.br\/?p=169197"},"modified":"2020-09-18T16:15:41","modified_gmt":"2020-09-18T19:15:41","slug":"saude-destaca-importancia-da-estrutura-de-atendimento-de-minas-gerais","status":"publish","type":"post","link":"https:\/\/diarioregionaldigital.com.br\/?p=169197","title":{"rendered":"Sa\u00fade destaca import\u00e2ncia da estrutura de atendimento de Minas Gerais"},"content":{"rendered":"<p>O secret\u00e1rio adjunto de\u00a0<a href=\"http:\/\/www.saude.mg.gov.br\/\" target=\"_blank\" rel=\"noopener noreferrer\">Sa\u00fade (SES-MG)<\/a>, Marcelo Cabral, destacou, nesta sexta-feira (18\/9), a miss\u00e3o desempenhada\u00a0pelo Sistema \u00danico de Sa\u00fade (SUS) no enfrentamento \u00e0 pandemia. Cabral tamb\u00e9m parabenizou todos os profissionais da rede p\u00fablica de sa\u00fade, tendo em vista a comemora\u00e7\u00e3o, neste s\u00e1bado (19\/9), do anivers\u00e1rio de cria\u00e7\u00e3o do SUS.<\/p>\n<p>Ainda que com limita\u00e7\u00f5es, afirmou o secret\u00e1rio adjunto, o Sistema \u00danico de Sa\u00fade deve ser evidenciado, por tudo que\u00a0&#8220;faz em rela\u00e7\u00e3o \u00e0 sociedade dentro dos seus princ\u00edpios&#8221;.<\/p>\n<p>Segundo o secret\u00e1rio adjunto, o momento \u00e9 de reflex\u00e3o para \u201cpensarmos em uma gest\u00e3o mais eficiente, mais voltada para os interesses do cidad\u00e3o mineiro e do brasileiro\u201d. Ele destacou, tamb\u00e9m, que a data \u00e9 sin\u00f4nimo de orgulho para a SES-MG, principalmente em rela\u00e7\u00e3o a todos que se esfor\u00e7am para uma presta\u00e7\u00e3o de sa\u00fade cada vez melhor.<\/p>\n<p><strong>Onda verde<\/strong><\/p>\n<p>Marcelo Cabral tamb\u00e9m destacou as macrorregi\u00f5es que est\u00e3o na onda verde do\u00a0<a href=\"http:\/\/www.mg.gov.br\/minasconsciente\" target=\"_blank\" rel=\"noopener noreferrer\">Minas Consciente<\/a>. Isto porque, nesta semana, duas novas macrorregi\u00f5es passaram\u00a0a integrar a fase mais avan\u00e7ada do plano, criado pelo\u00a0<a href=\"http:\/\/www.mg.gov.br\/\" target=\"_blank\" rel=\"noopener noreferrer\">Governo de Minas<\/a>\u00a0para garantir a retomada segura e respons\u00e1vel da economia no estado.<\/p>\n<p>Al\u00e9m da manuten\u00e7\u00e3o das regi\u00f5es Norte e Tri\u00e2ngulo do Sul nesta etapa, as regi\u00f5es Oeste e Centro-Sul progrediram para a onda verde, depois de 28 dias na onda amarela, gra\u00e7as aos bons \u00edndices epidemiol\u00f3gicos. As mudan\u00e7as foram definidas na \u00faltima quarta-feira (16\/9), em reuni\u00e3o do Comit\u00ea Extraordin\u00e1rio Covid-19, ap\u00f3s a an\u00e1lise semanal da situa\u00e7\u00e3o da pandemia no estado.<\/p>\n<p>Na coletiva virtual, o secret\u00e1rio adjunto ainda ressaltou\u00a0que, mesmo com os avan\u00e7os, n\u00e3o \u00e9 hora de relaxar, e os cuidados e medidas de preven\u00e7\u00e3o contra o v\u00edrus devem continuar.\u00a0\u201cN\u00f3s conseguimos manter bons n\u00fameros e estruturar a nossa rede de sa\u00fade porque o mineiro foi o principal ator no combate \u00e0 pandemia e entendeu que era necess\u00e1ria a manuten\u00e7\u00e3o dos cuidados\u201d, disse.<\/p>\n<p><strong>Estrutura<\/strong><\/p>\n<p>Conforme boletim epidemiol\u00f3gico divulgado nesta sexta-feira, Minas Gerais tem 265.185 casos confirmados para o novo coronav\u00edrus, 28.174 casos em acompanhamento e 230.437 pessoas recuperadas. Est\u00e3o confirmadas 6.574 mortes\u00a0causadas pela covid-19.<\/p>\n<p>Durante a coletiva, o secret\u00e1rio adjunto refor\u00e7ou, ainda, a import\u00e2ncia da estrutura de atendimento de Minas Gerais para que n\u00e3o haja desassist\u00eancia.\u00a0 Atualmente, est\u00e3o cadastrados no SUS f\u00e1cil, em Minas Gerais, 20.919 leitos de enfermaria e 3.902 leitos de UTI.<\/p>\n<p><strong>Fonte:\u00a0<\/strong>Ag\u00eancia Minas<\/p>\n","protected":false},"excerpt":{"rendered":"<p>O secret\u00e1rio adjunto de\u00a0Sa\u00fade (SES-MG), Marcelo Cabral, destacou, nesta sexta-feira (18\/9), a miss\u00e3o desempenhada\u00a0pelo Sistema \u00danico de Sa\u00fade (SUS) no enfrentamento \u00e0 pandemia. Cabral tamb\u00e9m parabenizou todos os profissionais da rede p\u00fablica de sa\u00fade, tendo em vista a comemora\u00e7\u00e3o, neste s\u00e1bado (19\/9), do anivers\u00e1rio de cria\u00e7\u00e3o do SUS. Ainda que com limita\u00e7\u00f5es, afirmou o secret\u00e1rio [&hellip;]<\/p>\n","protected":false},"author":96,"featured_media":169198,"comment_status":"closed","ping_status":"closed","sticky":false,"template":"","format":"standard","meta":{"footnotes":""},"categories":[436,254,439],"tags":[],"class_list":["post-169197","post","type-post","status-publish","format-standard","has-post-thumbnail","hentry","category-destaque-da-semana","category-politica","category-ultima-hora"],"_links":{"self":[{"href":"https:\/\/diarioregionaldigital.com.br\/index.php?rest_route=\/wp\/v2\/posts\/169197","targetHints":{"allow":["GET"]}}],"collection":[{"href":"https:\/\/diarioregionaldigital.com.br\/index.php?rest_route=\/wp\/v2\/posts"}],"about":[{"href":"https:\/\/diarioregionaldigital.com.br\/index.php?rest_route=\/wp\/v2\/types\/post"}],"author":[{"embeddable":true,"href":"https:\/\/diarioregionaldigital.com.br\/index.php?rest_route=\/wp\/v2\/users\/96"}],"replies":[{"embeddable":true,"href":"https:\/\/diarioregionaldigital.com.br\/index.php?rest_route=%2Fwp%2Fv2%2Fcomments&post=169197"}],"version-history":[{"count":0,"href":"https:\/\/diarioregionaldigital.com.br\/index.php?rest_route=\/wp\/v2\/posts\/169197\/revisions"}],"wp:featuredmedia":[{"embeddable":true,"href":"https:\/\/diarioregionaldigital.com.br\/index.php?rest_route=\/wp\/v2\/media\/169198"}],"wp:attachment":[{"href":"https:\/\/diarioregionaldigital.com.br\/index.php?rest_route=%2Fwp%2Fv2%2Fmedia&parent=169197"}],"wp:term":[{"taxonomy":"category","embeddable":true,"href":"https:\/\/diarioregionaldigital.com.br\/index.php?rest_route=%2Fwp%2Fv2%2Fcategories&post=169197"},{"taxonomy":"post_tag","embeddable":true,"href":"https:\/\/diarioregionaldigital.com.br\/index.php?rest_route=%2Fwp%2Fv2%2Ftags&post=169197"}],"curies":[{"name":"wp","href":"https:\/\/api.w.org\/{rel}","templated":true}]}}