{"id":169194,"date":"2020-09-18T15:27:35","date_gmt":"2020-09-18T18:27:35","guid":{"rendered":"https:\/\/diarioregionaldigital.com.br\/?p=169194"},"modified":"2020-09-18T15:27:35","modified_gmt":"2020-09-18T18:27:35","slug":"prefeito-anuncia-criacao-da-escola-publica-de-transito-ainda-este-ano","status":"publish","type":"post","link":"https:\/\/diarioregionaldigital.com.br\/?p=169194","title":{"rendered":"Prefeito anuncia cria\u00e7\u00e3o da \u201cEscola P\u00fablica de Tr\u00e2nsito\u201d ainda este ano"},"content":{"rendered":"<p>O prefeito Ant\u00f4nio Almas declarou aberta nesta sexta-feira, 18, a \u201cSemana Nacional do Tr\u00e2nsito, que vai at\u00e9 dia 25. Durante o ato, atrav\u00e9s de live transmitida pelo facebook da Prefeitura de Juiz de Fora (PJF), ele anunciou ainda para este ano a publica\u00e7\u00e3o de decreto estabelecendo a cria\u00e7\u00e3o da \u201cEscola P\u00fablica de Tr\u00e2nsito\u201d, conforme sugere o C\u00f3digo de Tr\u00e2nsito Brasileiro, que estar\u00e1 sob a coordena\u00e7\u00e3o da Secretaria de Transportes e Tr\u00e2nsito (Settra).<\/p>\n<p>A presidente da Comiss\u00e3o Municipal de Seguran\u00e7a e Educa\u00e7\u00e3o Para o Tr\u00e2nsito (Comset), Ana Beatriz Chaves, tamb\u00e9m destacou a realiza\u00e7\u00e3o da Semana, dando \u00eanfase ao tema deste ano, que \u00e9 \u201cPerceba o Risco, Proteja a Vida\u201d. A programa\u00e7\u00e3o do evento est\u00e1 dispon\u00edvel no site da PJF.<\/p>\n<p>O secret\u00e1rio de Transportes e Tr\u00e2nsito, Eduardo Facio, abordou temas como transporte p\u00fablico e seus desafios, a import\u00e2ncia das a\u00e7\u00f5es de educa\u00e7\u00e3o no setor, promovidas Settra, e anunciou o primeiro curso de educa\u00e7\u00e3o a dist\u00e2ncia a ser realizado atrav\u00e9s de parceria entre Settra e Secretaria de Educa\u00e7\u00e3o (SE). As inscri\u00e7\u00f5es come\u00e7am na pr\u00f3xima segunda-feira, 21. Os interessados podem entrar em contato pelo telefone 3690-8235, das 8 \u00e0s 12 horas.<\/p>\n<p>Tamb\u00e9m participando da live, a secret\u00e1ria de Educa\u00e7\u00e3o, Denise Franco, motivou os professores a ressaltarem o tema tr\u00e2nsito durante a semana, utilizando os recursos dispon\u00edveis no momento.<\/p>\n<p><strong>Fonte:<\/strong> Assessoria<\/p>\n","protected":false},"excerpt":{"rendered":"<p>O prefeito Ant\u00f4nio Almas declarou aberta nesta sexta-feira, 18, a \u201cSemana Nacional do Tr\u00e2nsito, que vai at\u00e9 dia 25. Durante o ato, atrav\u00e9s de live transmitida pelo facebook da Prefeitura de Juiz de Fora (PJF), ele anunciou ainda para este ano a publica\u00e7\u00e3o de decreto estabelecendo a cria\u00e7\u00e3o da \u201cEscola P\u00fablica de Tr\u00e2nsito\u201d, conforme sugere [&hellip;]<\/p>\n","protected":false},"author":96,"featured_media":169195,"comment_status":"closed","ping_status":"closed","sticky":false,"template":"","format":"standard","meta":{"footnotes":""},"categories":[253,436,439],"tags":[],"class_list":["post-169194","post","type-post","status-publish","format-standard","has-post-thumbnail","hentry","category-cidade","category-destaque-da-semana","category-ultima-hora"],"_links":{"self":[{"href":"https:\/\/diarioregionaldigital.com.br\/index.php?rest_route=\/wp\/v2\/posts\/169194","targetHints":{"allow":["GET"]}}],"collection":[{"href":"https:\/\/diarioregionaldigital.com.br\/index.php?rest_route=\/wp\/v2\/posts"}],"about":[{"href":"https:\/\/diarioregionaldigital.com.br\/index.php?rest_route=\/wp\/v2\/types\/post"}],"author":[{"embeddable":true,"href":"https:\/\/diarioregionaldigital.com.br\/index.php?rest_route=\/wp\/v2\/users\/96"}],"replies":[{"embeddable":true,"href":"https:\/\/diarioregionaldigital.com.br\/index.php?rest_route=%2Fwp%2Fv2%2Fcomments&post=169194"}],"version-history":[{"count":0,"href":"https:\/\/diarioregionaldigital.com.br\/index.php?rest_route=\/wp\/v2\/posts\/169194\/revisions"}],"wp:featuredmedia":[{"embeddable":true,"href":"https:\/\/diarioregionaldigital.com.br\/index.php?rest_route=\/wp\/v2\/media\/169195"}],"wp:attachment":[{"href":"https:\/\/diarioregionaldigital.com.br\/index.php?rest_route=%2Fwp%2Fv2%2Fmedia&parent=169194"}],"wp:term":[{"taxonomy":"category","embeddable":true,"href":"https:\/\/diarioregionaldigital.com.br\/index.php?rest_route=%2Fwp%2Fv2%2Fcategories&post=169194"},{"taxonomy":"post_tag","embeddable":true,"href":"https:\/\/diarioregionaldigital.com.br\/index.php?rest_route=%2Fwp%2Fv2%2Ftags&post=169194"}],"curies":[{"name":"wp","href":"https:\/\/api.w.org\/{rel}","templated":true}]}}