{"id":169191,"date":"2020-09-18T15:26:32","date_gmt":"2020-09-18T18:26:32","guid":{"rendered":"https:\/\/diarioregionaldigital.com.br\/?p=169191"},"modified":"2020-09-18T15:26:32","modified_gmt":"2020-09-18T18:26:32","slug":"parque-halfeld-passa-por-manutencao","status":"publish","type":"post","link":"https:\/\/diarioregionaldigital.com.br\/?p=169191","title":{"rendered":"Parque Halfeld passa por manuten\u00e7\u00e3o"},"content":{"rendered":"<p>O Setor de Parques e Jardins da Empresa Municipal de Pavimenta\u00e7\u00e3o e Urbaniza\u00e7\u00e3o (Empav) est\u00e1 fazendo a manuten\u00e7\u00e3o do Parque Halfeld, atrav\u00e9s de poda de \u00e1rvores e grama, limpeza dos canteiros e do lago e prepara\u00e7\u00e3o dos terrenos para receber novas mudas. O trabalho teve in\u00edcio na quarta-feira, 16, e prosseguir\u00e1 at\u00e9 segunda, 21. As equipes trabalhar\u00e3o inclusive neste s\u00e1bado, 19. O Departamento de Limpeza Urbana (Demlurb) e a Companhia de Saneamento Municipal (Cesama) est\u00e3o dando apoio.<\/p>\n<p>Por outro lado, durante a semana, a Empav realizou a poda de grama e limpeza nos canteiros centrais das avenidas Proc\u00f3pio Teixeira (Bairro Bom Pastor) e Prefeito Mello Reis (Aeroporto) e na usina de asfalto da Empav (Distrito Industrial). Equipes realizaram, ainda, limpeza das pra\u00e7as Jarbas de Lery Santos (S\u00e3o Mateus), Coronel Apr\u00edgio Ribeiro (Paineiras) e Menelick de Carvalho (Santa Helena).<\/p>\n<p>Al\u00e9m disso, foi feita a poda de \u00e1rvores no Demlurb (Bairro Vila Ideal) e nas ruas Padre Caf\u00e9 (S\u00e3o Mateus) e Professor Aguiar J\u00fanior (Linhares). Este \u00faltimo caso foi devido a uma obra de conten\u00e7\u00e3o que est\u00e1 sendo executada pela Secretaria de Obras (SO).<\/p>\n<p><strong>Fonte:<\/strong> Assessoria<\/p>\n","protected":false},"excerpt":{"rendered":"<p>O Setor de Parques e Jardins da Empresa Municipal de Pavimenta\u00e7\u00e3o e Urbaniza\u00e7\u00e3o (Empav) est\u00e1 fazendo a manuten\u00e7\u00e3o do Parque Halfeld, atrav\u00e9s de poda de \u00e1rvores e grama, limpeza dos canteiros e do lago e prepara\u00e7\u00e3o dos terrenos para receber novas mudas. O trabalho teve in\u00edcio na quarta-feira, 16, e prosseguir\u00e1 at\u00e9 segunda, 21. As [&hellip;]<\/p>\n","protected":false},"author":96,"featured_media":169192,"comment_status":"closed","ping_status":"closed","sticky":false,"template":"","format":"standard","meta":{"footnotes":""},"categories":[253,436,439],"tags":[],"class_list":["post-169191","post","type-post","status-publish","format-standard","has-post-thumbnail","hentry","category-cidade","category-destaque-da-semana","category-ultima-hora"],"_links":{"self":[{"href":"https:\/\/diarioregionaldigital.com.br\/index.php?rest_route=\/wp\/v2\/posts\/169191","targetHints":{"allow":["GET"]}}],"collection":[{"href":"https:\/\/diarioregionaldigital.com.br\/index.php?rest_route=\/wp\/v2\/posts"}],"about":[{"href":"https:\/\/diarioregionaldigital.com.br\/index.php?rest_route=\/wp\/v2\/types\/post"}],"author":[{"embeddable":true,"href":"https:\/\/diarioregionaldigital.com.br\/index.php?rest_route=\/wp\/v2\/users\/96"}],"replies":[{"embeddable":true,"href":"https:\/\/diarioregionaldigital.com.br\/index.php?rest_route=%2Fwp%2Fv2%2Fcomments&post=169191"}],"version-history":[{"count":0,"href":"https:\/\/diarioregionaldigital.com.br\/index.php?rest_route=\/wp\/v2\/posts\/169191\/revisions"}],"wp:featuredmedia":[{"embeddable":true,"href":"https:\/\/diarioregionaldigital.com.br\/index.php?rest_route=\/wp\/v2\/media\/169192"}],"wp:attachment":[{"href":"https:\/\/diarioregionaldigital.com.br\/index.php?rest_route=%2Fwp%2Fv2%2Fmedia&parent=169191"}],"wp:term":[{"taxonomy":"category","embeddable":true,"href":"https:\/\/diarioregionaldigital.com.br\/index.php?rest_route=%2Fwp%2Fv2%2Fcategories&post=169191"},{"taxonomy":"post_tag","embeddable":true,"href":"https:\/\/diarioregionaldigital.com.br\/index.php?rest_route=%2Fwp%2Fv2%2Ftags&post=169191"}],"curies":[{"name":"wp","href":"https:\/\/api.w.org\/{rel}","templated":true}]}}