{"id":169188,"date":"2020-09-18T15:20:10","date_gmt":"2020-09-18T18:20:10","guid":{"rendered":"https:\/\/diarioregionaldigital.com.br\/?p=169188"},"modified":"2020-09-18T15:20:10","modified_gmt":"2020-09-18T18:20:10","slug":"presidente-da-cbf-rogerio-caboclo-visita-selecao-feminina-em-teresopolis","status":"publish","type":"post","link":"https:\/\/diarioregionaldigital.com.br\/?p=169188","title":{"rendered":"Presidente da CBF, Rog\u00e9rio Caboclo, visita Sele\u00e7\u00e3o Feminina em Teres\u00f3polis"},"content":{"rendered":"<p><span style=\"font-weight: 400;\">Nessa semana, a Sele\u00e7\u00e3o Feminina retomou suas atividades presenciais na Granja Comary, em Teres\u00f3polis-RJ. S\u00e3o os primeiros trabalhos das jogadoras, desde a paralisa\u00e7\u00e3o por conta da pandemia do Coronav\u00edrus.<\/span><\/p>\n<p><span style=\"font-weight: 400;\">Inclusive, o presidente da Confedera\u00e7\u00e3o Brasileira de Futebol (CBF), Rog\u00e9rio Caboclo, fez uma visita no Centro de Treinamento, sob acompanhamento de <\/span><span style=\"font-weight: 400;\">Aline Pellegrino, nova Coordenadora de Competi\u00e7\u00f5es Femininas da CBF. Durante o encontro, o mandat\u00e1rio se reuniu com as atletas, a t\u00e9cnica Pia Sundhage e Duda Luizelli, Coordenadora de Sele\u00e7\u00f5es Femininas, para conversar sobre as novas medidas tomadas pela entidade. No in\u00edcio do m\u00eas, Caboclo anunciou a equipara\u00e7\u00e3o de di\u00e1rias e premia\u00e7\u00f5es entre homens e mulheres nas Sele\u00e7\u00f5es Brasileiras.<\/span><\/p>\n<p><span style=\"font-weight: 400;\">O presidente avalia sobre o momento atual, abrangendo os times principal, sub-20 e sub-17, e segundo ele, \u00e9 um fato hist\u00f3rico:<\/span><\/p>\n<p><span style=\"font-weight: 400;\">&#8220;\u00c9 a primeira vez que um presidente da CBF se dirige ao time feminino tendo duas coordenadoras e uma treinadora. \u00c9 um momento hist\u00f3rico. N\u00f3s temos aqui a Duda \u00e0 frente da Sele\u00e7\u00e3o e a Aline \u00e0 frente das competi\u00e7\u00f5es, a Pia, nossa grande treinadora&#8230; Enfim, as mulheres s\u00e3o as donas do futebol feminino. Isso n\u00e3o \u00e9 nenhum favor. \u00c9 merecido, foi conquistado por voc\u00eas, por elas e por outras gera\u00e7\u00f5es que passaram por aqui&#8221;, disse Caboclo ao grupo de jogadoras.<\/span><\/p>\n<p><span style=\"font-weight: 400;\">Sob a presen\u00e7a de Walter Feldman, Secret\u00e1rio-Geral da CBF, Caboclo valoriza o esfor\u00e7o de todos, para garantir melhorias nas Sele\u00e7\u00f5es Femininas e enaltece a retomada das atividades presenciais na Granja Comary:<\/span><\/p>\n<p><span style=\"font-weight: 400;\">&#8220;\u00c9 uma nova casa, que est\u00e1 sempre brilhando, sendo aperfei\u00e7oada, bem mantida e cuidada. Acho que as jogadoras, as comiss\u00f5es t\u00e9cnicas, as equipes ficam sempre muito felizes com o que encontram. A gente nunca teve uma ocupa\u00e7\u00e3o da Granja como tivemos do ano retrasado para c\u00e1, de acima de 90% do per\u00edodo. \u00c9 quase o ano inteiro completo aqui, com equipes, todas as nossas Sele\u00e7\u00f5es, sub-15, sub-17, sub-20, masculino e feminino. \u00c9 um motivo de orgulho. N\u00e3o s\u00f3 a gente ocupa bem, como as Sele\u00e7\u00f5es t\u00eam prazer em estar aqui&#8221;, afirmou o Presidente.<\/span><\/p>\n<p><span style=\"font-weight: 400;\">Al\u00e9m da visita de Rog\u00e9rio Caboclo, as jogadoras brasileiras se reuniram pela primeira vez com Duda Luizelli, Coordenadora das Sele\u00e7\u00f5es Femininas. Ela faz elogios \u00e0 estrutura da Granja, que passou por adapta\u00e7\u00f5es, para atender a todas as medidas de higieniza\u00e7\u00e3o e preven\u00e7\u00e3o ao Coronav\u00edrus:<\/span><\/p>\n<p><span style=\"font-weight: 400;\">\u201cA estrutura que tem aqui \u00e9 fant\u00e1stica. Certamente a gente vai saber aproveitar da melhor forma poss\u00edvel. A gente est\u00e1 bem feliz, \u00e9 uma das melhores estruturas do mundo. E as atletas poderem usufruir disso aqui \u00e9 fant\u00e1stico\u201d, destacou Duda.<\/span><\/p>\n<p><span style=\"font-weight: 400;\">O encontro tamb\u00e9m teve a ilustre presen\u00e7a da ex-jogadora e ex-capit\u00e3 da Sele\u00e7\u00e3o Brasileira, Aline Pellegrino. A atual Coordenadora de Competi\u00e7\u00f5es Femininas da CBF, treinou pela primeira vez na Granja Comary no ano de 2004. De volta ao local, Aline relembra de todos os momentos no CT e ressaltou o significado diferente que esta nova passagem tem para ela:<\/span><\/p>\n<p><span style=\"font-weight: 400;\">\u201cEu estava brincando que \u00e9 a minha segunda convoca\u00e7\u00e3o. Lembro da primeira vez que cheguei aqui, estou chegando agora em uma outra fun\u00e7\u00e3o e \u00e9 muito legal encontrar esta casa bem diferente&#8221;, contou.<\/span><\/p>\n<p><b>Retomada dos treinamentos<\/b><\/p>\n<p><span style=\"font-weight: 400;\">Na ter\u00e7a-feira (15), a Sele\u00e7\u00e3o Principal se reapresentou em Teres\u00f3polis, pela primeira vez desde o in\u00edcio da pandemia. A equipe comandada pela treinadora Pia Sundhage, est\u00e1 em fase de prepara\u00e7\u00e3o para os Jogos Ol\u00edmpicos de T\u00f3quio 2020 (adiados para 2021). Este per\u00edodo de treinamentos vai at\u00e9 o dia 22 deste m\u00eas.<\/span><\/p>\n<p>&nbsp;<\/p>\n","protected":false},"excerpt":{"rendered":"<p>Nessa semana, a Sele\u00e7\u00e3o Feminina retomou suas atividades presenciais na Granja Comary, em Teres\u00f3polis-RJ. S\u00e3o os primeiros trabalhos das jogadoras, desde a paralisa\u00e7\u00e3o por conta da pandemia do Coronav\u00edrus. Inclusive, o presidente da Confedera\u00e7\u00e3o Brasileira de Futebol (CBF), Rog\u00e9rio Caboclo, fez uma visita no Centro de Treinamento, sob acompanhamento de Aline Pellegrino, nova Coordenadora de [&hellip;]<\/p>\n","protected":false},"author":96,"featured_media":169189,"comment_status":"closed","ping_status":"closed","sticky":false,"template":"","format":"standard","meta":{"footnotes":""},"categories":[436,257,439],"tags":[],"class_list":["post-169188","post","type-post","status-publish","format-standard","has-post-thumbnail","hentry","category-destaque-da-semana","category-esporte","category-ultima-hora"],"_links":{"self":[{"href":"https:\/\/diarioregionaldigital.com.br\/index.php?rest_route=\/wp\/v2\/posts\/169188","targetHints":{"allow":["GET"]}}],"collection":[{"href":"https:\/\/diarioregionaldigital.com.br\/index.php?rest_route=\/wp\/v2\/posts"}],"about":[{"href":"https:\/\/diarioregionaldigital.com.br\/index.php?rest_route=\/wp\/v2\/types\/post"}],"author":[{"embeddable":true,"href":"https:\/\/diarioregionaldigital.com.br\/index.php?rest_route=\/wp\/v2\/users\/96"}],"replies":[{"embeddable":true,"href":"https:\/\/diarioregionaldigital.com.br\/index.php?rest_route=%2Fwp%2Fv2%2Fcomments&post=169188"}],"version-history":[{"count":0,"href":"https:\/\/diarioregionaldigital.com.br\/index.php?rest_route=\/wp\/v2\/posts\/169188\/revisions"}],"wp:featuredmedia":[{"embeddable":true,"href":"https:\/\/diarioregionaldigital.com.br\/index.php?rest_route=\/wp\/v2\/media\/169189"}],"wp:attachment":[{"href":"https:\/\/diarioregionaldigital.com.br\/index.php?rest_route=%2Fwp%2Fv2%2Fmedia&parent=169188"}],"wp:term":[{"taxonomy":"category","embeddable":true,"href":"https:\/\/diarioregionaldigital.com.br\/index.php?rest_route=%2Fwp%2Fv2%2Fcategories&post=169188"},{"taxonomy":"post_tag","embeddable":true,"href":"https:\/\/diarioregionaldigital.com.br\/index.php?rest_route=%2Fwp%2Fv2%2Ftags&post=169188"}],"curies":[{"name":"wp","href":"https:\/\/api.w.org\/{rel}","templated":true}]}}