{"id":169185,"date":"2020-09-18T14:55:51","date_gmt":"2020-09-18T17:55:51","guid":{"rendered":"https:\/\/diarioregionaldigital.com.br\/?p=169185"},"modified":"2020-09-18T14:55:51","modified_gmt":"2020-09-18T17:55:51","slug":"tite-convoca-jogadores-para-a-estreia-nas-eliminatorias","status":"publish","type":"post","link":"https:\/\/diarioregionaldigital.com.br\/?p=169185","title":{"rendered":"Tite convoca jogadores para a estreia nas Eliminat\u00f3rias"},"content":{"rendered":"<p><span style=\"font-weight: 400;\">O t\u00e9cnico da Sele\u00e7\u00e3o Brasileira, Tite, divulgou nessa sexta-feira (18), a lista com os 23 jogadores convocados, para as duas primeiras rodadas das Eliminat\u00f3rias para a Copa do Mundo FIFA Catar 2022. O Brasil far\u00e1 sua estreia no dia 9 de outubro, contra a Bol\u00edvia, na Neo Qu\u00edmica Arena em S\u00e3o Paulo. Na rodada seguinte, visita a sele\u00e7\u00e3o do Peru na capital Lima, no dia 13 do mesmo m\u00eas.<\/span><\/p>\n<p><span style=\"font-weight: 400;\">Vale lembrar que na quinta-feira (17), a FIFA junto com a Confedera\u00e7\u00e3o Sul-Americana de Futebol (Conmebol), mantiveram o in\u00edcio das eliminat\u00f3rias para outubro, como previamente planejado entre as duas institui\u00e7\u00f5es.<\/span><span style=\"font-weight: 400;\"> Al\u00e9m disso, a FIFA informou \u00e0 entidade m\u00e1xima do futebol sul-americano, que os pa\u00edses europeus acataram o pedido de n\u00e3o exigir quarentena dos jogadores que voltarem de viagens \u00e0 Am\u00e9rica do Sul.<\/span><\/p>\n<p><span style=\"font-weight: 400;\">A nova listagem conta com duas novidades: <\/span><span style=\"font-weight: 400;\">Gabriel Menino, do Palmeiras, e Bruno Guimar\u00e3es, do Lyon, que far\u00e3o suas respectivas estreias com a camisa da Sele\u00e7\u00e3o Brasileira. No caso de Bruno, ele j\u00e1 esteve presente na lista para a Data FIFA de mar\u00e7o, por\u00e9m em decorr\u00eancia da pandemia do novo Coronav\u00edrus, os jogos tiveram de ser adiados<\/span><\/p>\n<p><span style=\"font-weight: 400;\">Sobre o primeiro advers\u00e1rio na fase de eliminat\u00f3ria, o Brasil tem \u00f3timo retrospecto contra os bolivianos: 21 vit\u00f3rias, quatro empates e cinco derrotas, com 99 gols marcados e 25 sofridos. Contra os peruanos, os pr\u00f3ximos na lista de confrontos, os n\u00fameros tamb\u00e9m s\u00e3o positivos: 32 vit\u00f3rias, nove empates e cinco derrotas, com 91 gols marcados e 31 sofridos.<\/span><\/p>\n<p><b>Confira a lista de convocados:<\/b><\/p>\n<p><b>GOLEIROS<\/b><\/p>\n<p><span style=\"font-weight: 400;\">Alisson &#8211; Liverpool (ING)<\/span><\/p>\n<p><span style=\"font-weight: 400;\">Santos &#8211; Athletico-PR<\/span><\/p>\n<p><span style=\"font-weight: 400;\">Weverton &#8211; Palmeiras<\/span><\/p>\n<p><b>LATERAIS<\/b><\/p>\n<p><span style=\"font-weight: 400;\">Danilo &#8211; Juventus (ITA)<\/span><\/p>\n<p><span style=\"font-weight: 400;\">Gabriel Menino &#8211; Palmeiras<\/span><\/p>\n<p><span style=\"font-weight: 400;\">Alex Telles &#8211; Porto (POR)<\/span><\/p>\n<p><span style=\"font-weight: 400;\">Renan Lodi &#8211; Atl\u00e9tico Madrid (ESP)<\/span><\/p>\n<p><b>ZAGUEIROS<\/b><\/p>\n<p><span style=\"font-weight: 400;\">Thiago Silva &#8211; Chelsea (ING)<\/span><\/p>\n<p><span style=\"font-weight: 400;\">Marquinhos &#8211; Paris Saint Germain (FRA)<\/span><\/p>\n<p><span style=\"font-weight: 400;\">Felipe &#8211; Atl\u00e9tico de Madrid (ESP)<\/span><\/p>\n<p><span style=\"font-weight: 400;\">Rodrigo Caio &#8211; Flamengo<\/span><\/p>\n<p><b>MEIAS<\/b><\/p>\n<p><span style=\"font-weight: 400;\">Casemiro &#8211; Real Madrid (ESP)<\/span><\/p>\n<p><span style=\"font-weight: 400;\">Fabinho &#8211; Liverpool (ING)<\/span><\/p>\n<p><span style=\"font-weight: 400;\">Bruno Guimar\u00e3es &#8211; Lyon (FRA)<\/span><\/p>\n<p><span style=\"font-weight: 400;\">Douglas Luiz &#8211; Aston Villa (ING)<\/span><\/p>\n<p><span style=\"font-weight: 400;\">Philippe Coutinho &#8211; Barcelona (ESP)<\/span><\/p>\n<p><span style=\"font-weight: 400;\">Everton Ribeiro &#8211; Flamengo<\/span><\/p>\n<p><b>ATACANTES<\/b><\/p>\n<p><span style=\"font-weight: 400;\">Gabriel Jesus &#8211; Manchester City (ING)<\/span><\/p>\n<p><span style=\"font-weight: 400;\">Rodrygo &#8211; Real Madrid (ESP)<\/span><\/p>\n<p><span style=\"font-weight: 400;\">Neymar &#8211; Paris Saint Germain (FRA)<\/span><\/p>\n<p><span style=\"font-weight: 400;\">Everton &#8211; Benfica (POR)<\/span><\/p>\n<p><span style=\"font-weight: 400;\">Roberto Firmino &#8211; Liverpool (ING)<\/span><\/p>\n<p><span style=\"font-weight: 400;\">Richarlison &#8211; Everton (ING)<\/span><\/p>\n","protected":false},"excerpt":{"rendered":"<p>O t\u00e9cnico da Sele\u00e7\u00e3o Brasileira, Tite, divulgou nessa sexta-feira (18), a lista com os 23 jogadores convocados, para as duas primeiras rodadas das Eliminat\u00f3rias para a Copa do Mundo FIFA Catar 2022. O Brasil far\u00e1 sua estreia no dia 9 de outubro, contra a Bol\u00edvia, na Neo Qu\u00edmica Arena em S\u00e3o Paulo. Na rodada seguinte, [&hellip;]<\/p>\n","protected":false},"author":96,"featured_media":169186,"comment_status":"closed","ping_status":"closed","sticky":false,"template":"","format":"standard","meta":{"footnotes":""},"categories":[436,257,439],"tags":[],"class_list":["post-169185","post","type-post","status-publish","format-standard","has-post-thumbnail","hentry","category-destaque-da-semana","category-esporte","category-ultima-hora"],"_links":{"self":[{"href":"https:\/\/diarioregionaldigital.com.br\/index.php?rest_route=\/wp\/v2\/posts\/169185","targetHints":{"allow":["GET"]}}],"collection":[{"href":"https:\/\/diarioregionaldigital.com.br\/index.php?rest_route=\/wp\/v2\/posts"}],"about":[{"href":"https:\/\/diarioregionaldigital.com.br\/index.php?rest_route=\/wp\/v2\/types\/post"}],"author":[{"embeddable":true,"href":"https:\/\/diarioregionaldigital.com.br\/index.php?rest_route=\/wp\/v2\/users\/96"}],"replies":[{"embeddable":true,"href":"https:\/\/diarioregionaldigital.com.br\/index.php?rest_route=%2Fwp%2Fv2%2Fcomments&post=169185"}],"version-history":[{"count":0,"href":"https:\/\/diarioregionaldigital.com.br\/index.php?rest_route=\/wp\/v2\/posts\/169185\/revisions"}],"wp:featuredmedia":[{"embeddable":true,"href":"https:\/\/diarioregionaldigital.com.br\/index.php?rest_route=\/wp\/v2\/media\/169186"}],"wp:attachment":[{"href":"https:\/\/diarioregionaldigital.com.br\/index.php?rest_route=%2Fwp%2Fv2%2Fmedia&parent=169185"}],"wp:term":[{"taxonomy":"category","embeddable":true,"href":"https:\/\/diarioregionaldigital.com.br\/index.php?rest_route=%2Fwp%2Fv2%2Fcategories&post=169185"},{"taxonomy":"post_tag","embeddable":true,"href":"https:\/\/diarioregionaldigital.com.br\/index.php?rest_route=%2Fwp%2Fv2%2Ftags&post=169185"}],"curies":[{"name":"wp","href":"https:\/\/api.w.org\/{rel}","templated":true}]}}