{"id":169182,"date":"2020-09-18T14:33:05","date_gmt":"2020-09-18T17:33:05","guid":{"rendered":"https:\/\/diarioregionaldigital.com.br\/?p=169182"},"modified":"2020-09-18T14:33:05","modified_gmt":"2020-09-18T17:33:05","slug":"cpb-e-emuseu-do-esporte-lancam-galeria-3d-rumo-a-toquio-para-eternizar-conquistas-do-esporte-paralimpico","status":"publish","type":"post","link":"https:\/\/diarioregionaldigital.com.br\/?p=169182","title":{"rendered":"CPB e eMuseu do Esporte lan\u00e7am galeria 3D &#8220;Rumo a T\u00f3quio&#8221; para eternizar conquistas do esporte paral\u00edmpico"},"content":{"rendered":"<p><span style=\"font-weight: 400;\">O Comit\u00ea Paral\u00edmpico Brasileiro (CPB), em parceria com o eMuseu do Esporte, realizar\u00e1 o lan\u00e7amento da galeria 3D \u201cRumo a T\u00f3quio\u201d nesta segunda-feira (21), data que celebra o Dia Nacional de Luta da Pessoa com Defici\u00eancia. O evento virtual ser\u00e1 transmitido ao vivo pelo Facebook e pelo YouTube do eMuseu, a partir das 11h.\u00a0<\/span><\/p>\n<p><span style=\"font-weight: 400;\">A exposi\u00e7\u00e3o gratuita vai contemplar competi\u00e7\u00f5es e grandes conquistas dos atletas brasileiros desde os Jogos Paral\u00edmpicos Rio 2016. A mostra virtual estar\u00e1 totalmente acess\u00edvel para pessoas com defici\u00eancia visual e auditiva, com audiodescri\u00e7\u00e3o e Libras. A curadoria do material foi realizada pela fot\u00f3grafa do CPB, Alessandra Cabral.\u00a0<\/span><\/p>\n<p><span style=\"font-weight: 400;\">O evento contar\u00e1 com a participa\u00e7\u00e3o de grandes nomes do esporte paral\u00edmpico recente. Daniel Dias, refer\u00eancia da nata\u00e7\u00e3o brasileira paral\u00edmpica, com 24 medalhas em tr\u00eas edi\u00e7\u00f5es dos Jogos, sendo 14 de ouro, Yohansson Nascimento, ouro nos 200m rasos em Londres 2012, al\u00e9m de tr\u00eas pratas e dois bronzes, o nadador Phelipe Rodrigues, com cinco pratas e dois bronzes em Jogos Paral\u00edmpicos, Ed\u00eania Garcia, tetracampe\u00e3 mundial nos 50m costas e com duas pratas e um bronze nos Jogos, e Rayane Soares, campe\u00e3 e vice-campe\u00e3 mundial de atletismo, estar\u00e3o entre os presentes.\u00a0<\/span><\/p>\n<p><span style=\"font-weight: 400;\">O evento ter\u00e1, ainda, duas apresenta\u00e7\u00f5es art\u00edsticas: dan\u00e7a sobre cadeiras de roda, de uma academia filiada \u00e0 Confedera\u00e7\u00e3o Brasileira de Dan\u00e7a em Cadeira de Rodas, e uma apresenta\u00e7\u00e3o do m\u00fasico Johnatha Bastos, guitarrista que toca com os p\u00e9s e que fez uma apresenta\u00e7\u00e3o na cerim\u00f4nia de encerramento dos Jogos Rio 2016.\u00a0<\/span><\/p>\n<p><span style=\"font-weight: 400;\">\u201cA sensa\u00e7\u00e3o de ver meu nome retratado na galeria do Comit\u00ea Paral\u00edmpico Brasileiro \u00e9 incr\u00edvel. Tenho uma carreira que vem sendo constru\u00edda h\u00e1 anos, e \u00e9 muito gratificante receber esse reconhecimento e poder ajudar o movimento\u201d, comemora Daniel Dias. \u201cO esporte me mostrou do que somos capazes, me mostrou que n\u00e3o devo colocar limites na minha vida. N\u00e3o importa se tenho bra\u00e7os ou n\u00e3o, isso n\u00e3o me define. O que me define \u00e9 o que tenho dentro de mim. E o que tenho dentro de mim \u00e9 uma for\u00e7a muito grande\u201d, completa.\u00a0<\/span><\/p>\n<p><span style=\"font-weight: 400;\">Criado para eternizar a mem\u00f3ria do esporte e seus atletas, o eMuseu proporciona uma experi\u00eancia inovadora ao oferecer, de forma gratuita, um passeio imersivo em plataforma 3D. Na galeria do Comit\u00ea Paral\u00edmpico Brasileiro, os visitantes ter\u00e3o \u00e0 disposi\u00e7\u00e3o conte\u00fados inteiramente acess\u00edveis, tanto em libras quanto em audiodescri\u00e7\u00e3o. Para que a hist\u00f3ria dos \u00eddolos paral\u00edmpicos seja conhecida tamb\u00e9m no exterior, o acervo estar\u00e1 dispon\u00edvel em ingl\u00eas.<\/span><\/p>\n<p><span style=\"font-weight: 400;\">Com patroc\u00ednio da Enel Distribui\u00e7\u00e3o Rio, em conjunto com a Secretaria de Esporte, Lazer e Juventude do Rio \u2013 por meio da Lei de Incentivo do Esporte, do Governo Estadual \u2013, o eMuseu do Esporte \u00e9 uma realiza\u00e7\u00e3o da startup Gama Assessoria, em parceria com a Universidade Estadual do Rio de Janeiro (UERJ), atrav\u00e9s da Incubadora Tecnol\u00f3gica de Empreendimentos Sociais e Cooperativas Sociais (ITECS).<\/span><\/p>\n<p><strong>Fonte:<\/strong> CPB<\/p>\n","protected":false},"excerpt":{"rendered":"<p>O Comit\u00ea Paral\u00edmpico Brasileiro (CPB), em parceria com o eMuseu do Esporte, realizar\u00e1 o lan\u00e7amento da galeria 3D \u201cRumo a T\u00f3quio\u201d nesta segunda-feira (21), data que celebra o Dia Nacional de Luta da Pessoa com Defici\u00eancia. O evento virtual ser\u00e1 transmitido ao vivo pelo Facebook e pelo YouTube do eMuseu, a partir das 11h.\u00a0 A [&hellip;]<\/p>\n","protected":false},"author":96,"featured_media":169183,"comment_status":"closed","ping_status":"closed","sticky":false,"template":"","format":"standard","meta":{"footnotes":""},"categories":[436,257,439],"tags":[],"class_list":["post-169182","post","type-post","status-publish","format-standard","has-post-thumbnail","hentry","category-destaque-da-semana","category-esporte","category-ultima-hora"],"_links":{"self":[{"href":"https:\/\/diarioregionaldigital.com.br\/index.php?rest_route=\/wp\/v2\/posts\/169182","targetHints":{"allow":["GET"]}}],"collection":[{"href":"https:\/\/diarioregionaldigital.com.br\/index.php?rest_route=\/wp\/v2\/posts"}],"about":[{"href":"https:\/\/diarioregionaldigital.com.br\/index.php?rest_route=\/wp\/v2\/types\/post"}],"author":[{"embeddable":true,"href":"https:\/\/diarioregionaldigital.com.br\/index.php?rest_route=\/wp\/v2\/users\/96"}],"replies":[{"embeddable":true,"href":"https:\/\/diarioregionaldigital.com.br\/index.php?rest_route=%2Fwp%2Fv2%2Fcomments&post=169182"}],"version-history":[{"count":0,"href":"https:\/\/diarioregionaldigital.com.br\/index.php?rest_route=\/wp\/v2\/posts\/169182\/revisions"}],"wp:featuredmedia":[{"embeddable":true,"href":"https:\/\/diarioregionaldigital.com.br\/index.php?rest_route=\/wp\/v2\/media\/169183"}],"wp:attachment":[{"href":"https:\/\/diarioregionaldigital.com.br\/index.php?rest_route=%2Fwp%2Fv2%2Fmedia&parent=169182"}],"wp:term":[{"taxonomy":"category","embeddable":true,"href":"https:\/\/diarioregionaldigital.com.br\/index.php?rest_route=%2Fwp%2Fv2%2Fcategories&post=169182"},{"taxonomy":"post_tag","embeddable":true,"href":"https:\/\/diarioregionaldigital.com.br\/index.php?rest_route=%2Fwp%2Fv2%2Ftags&post=169182"}],"curies":[{"name":"wp","href":"https:\/\/api.w.org\/{rel}","templated":true}]}}