{"id":169179,"date":"2020-09-18T14:20:38","date_gmt":"2020-09-18T17:20:38","guid":{"rendered":"https:\/\/diarioregionaldigital.com.br\/?p=169179"},"modified":"2020-09-18T14:20:38","modified_gmt":"2020-09-18T17:20:38","slug":"juiz-de-fora-apresenta-aumento-de-casos-e-mortes-por-covid-19-segundo-boletim-da-ufjf","status":"publish","type":"post","link":"https:\/\/diarioregionaldigital.com.br\/?p=169179","title":{"rendered":"Juiz de Fora apresenta aumento de casos e mortes por Covid-19, segundo boletim da UFJF"},"content":{"rendered":"<p><span style=\"font-weight: 400;\">O boletim produzido por grupo de pesquisadores da Universidade Federal de Juiz de Fora (UFJF), indica que o munic\u00edpio apresenta aumento do n\u00famero de casos e mortes confirmadas por Coronav\u00edrus. A an\u00e1lise abordou o per\u00edodo do dia primeiro at\u00e9 o dia 15 deste m\u00eas.<\/span><\/p>\n<p><span style=\"font-weight: 400;\">De acordo com o levantamento, no dia 1\u00ba deste m\u00eas, foram contabilizados 4.873 casos confirmados e 162 \u00f3bitos, segundo dados fornecidos pela Prefeitura de Juiz de Fora (PJF). J\u00e1 no dia 15, ambos os n\u00fameros evolu\u00edram para 5.371 e 187 respectivamente, representando aumento de 10,2% e 15,4% cada.<\/span><\/p>\n<p><span style=\"font-weight: 400;\">Dentro da semana do dia 6 a 12 de setembro, <\/span><span style=\"font-weight: 400;\">a cidade teve 240 novos casos confirmados (aumento de 18,2% em rela\u00e7\u00e3o \u00e0 semana anterior) e 11 registros de vidas perdidas (aumento de 22,2% em rela\u00e7\u00e3o \u00e0 semana anterior e terceira semana seguida com aumento).\u00a0<\/span><\/p>\n<p><span style=\"font-weight: 400;\">Ao elaborar o estudo e tamb\u00e9m da an\u00e1lise dos n\u00fameros de casos e vidas perdidas ao longo das tr\u00eas \u00faltimas semanas epidemiol\u00f3gicas, os pesquisadores chegaram \u00e0 conclus\u00e3o de que Juiz de Fora n\u00e3o atende a dois crit\u00e9rios da Organiza\u00e7\u00e3o Mundial da Sa\u00fade (OMS).\u00a0<\/span><\/p>\n<p><span style=\"font-weight: 400;\">Um deles \u00e9 o N\u00famero de Reprodu\u00e7\u00e3o Efetivo (Rt), o qual indica para quantas pessoas cada infectado transmite a doen\u00e7a. Entre o dia 1\u00ba e 15 deste m\u00eas, tanto o munic\u00edpio quanto a Zona da Mata, o Rt apresentou um valor m\u00e1ximo de 1,39, no dia 15 de setembro, e um valor m\u00ednimo no de 0,57, no dia 6 de setembro. Conforme um dos colaboradores do projeto, Marcel Vieira, a doen\u00e7a continua se espalhando pela cidade:<\/span><\/p>\n<p><span style=\"font-weight: 400;\">\u201cValores do Rt acima de 1 indicam que a doen\u00e7a ainda est\u00e1 em expans\u00e3o no munic\u00edpio, indicando que cada pessoa contaminada est\u00e1 transmitindo a doen\u00e7a para mais do que uma outra pessoa em m\u00e9dia\u201d.<\/span><\/p>\n<p><span style=\"font-weight: 400;\">Vale ressaltar que de acordo com a OMS, para que a pandemia seja avaliada como controlada, os valores do Rt devem estar abaixo de 1 persistentemente por pelo menos duas semanas. Tanto em Juiz de Fora quanto na Zona da Mata esta condi\u00e7\u00e3o n\u00e3o foi verificada.\u00a0<\/span><\/p>\n<p><b>Queda da taxa de isolamento social<\/b><\/p>\n<p><span style=\"font-weight: 400;\">A equipe de pesquisadores avaliou tamb\u00e9m a quest\u00e3o do isolamento social no munic\u00edpio. A elabora\u00e7\u00e3o do levantamento usou como base, dados do Google Mobility, que permite o estudo do percentual de pessoas est\u00e3o permanecendo em casa ou se movimentando para os seus locais de trabalho, com\u00e9rcio e \u00e1reas de recrea\u00e7\u00e3o.\u00a0<\/span><\/p>\n<p><span style=\"font-weight: 400;\">Analisando o per\u00edodo de 3 de janeiro a 6 de fevereiro de 2020, \u201co boletim estima que, no dia 11 de setembro, houve percentual 10% maior de pessoas ficando em casa em rela\u00e7\u00e3o ao per\u00edodo pr\u00e9-pand\u00eamico\u201d. Diante disso, a taxa era 12% maior, at\u00e9 o dia 29 de agosto, o que significa queda da ades\u00e3o do isolamento social em Juiz de Fora.<\/span><\/p>\n<p><span style=\"font-weight: 400;\">Os \u00edndices apontam que a ida aos trabalhos obteve queda de 13%, na compara\u00e7\u00e3o com o per\u00edodo de refer\u00eancia antes da pandemia. J\u00e1 as sa\u00eddas para atividades de recrea\u00e7\u00e3o agora est\u00e1 8% abaixo do que eram no per\u00edodo de refer\u00eancia. Entretanto, essa redu\u00e7\u00e3o era de 23% no final de agosto.\u00a0<\/span><\/p>\n<p><span style=\"font-weight: 400;\">De acordo com Marcel Vieira, \u00e9 importante que a popula\u00e7\u00e3o fa\u00e7a o uso de m\u00e1scaras de prote\u00e7\u00e3o, uma vez que o item \u00e9 de suma import\u00e2ncia na preven\u00e7\u00e3o ao Covid-19:<\/span><\/p>\n<p><span style=\"font-weight: 400;\">\u201cO isolamento e o distanciamento social, bem como o uso de m\u00e1scaras, continuam sendo as principais formas de nos prevenirmos e evitarmos o cont\u00e1gio. Os dados de mobilidade social indicam que as pessoas est\u00e3o se movimentando e saindo mais de casa. Assim, h\u00e1 uma probabilidade de estarem se interagindo mais socialmente com outras pessoas e assim se expondo mais\u201d explica.<\/span><\/p>\n<p><span style=\"font-weight: 400;\">Al\u00e9m disso, a nota indica que a queda da ades\u00e3o ao isolamento social, ocorre paralelamente ao crescimento do n\u00famero de casos e mortes confirmadas pela doen\u00e7a em Juiz de Fora.<\/span><\/p>\n","protected":false},"excerpt":{"rendered":"<p>O boletim produzido por grupo de pesquisadores da Universidade Federal de Juiz de Fora (UFJF), indica que o munic\u00edpio apresenta aumento do n\u00famero de casos e mortes confirmadas por Coronav\u00edrus. A an\u00e1lise abordou o per\u00edodo do dia primeiro at\u00e9 o dia 15 deste m\u00eas. De acordo com o levantamento, no dia 1\u00ba deste m\u00eas, foram [&hellip;]<\/p>\n","protected":false},"author":96,"featured_media":169180,"comment_status":"closed","ping_status":"closed","sticky":false,"template":"","format":"standard","meta":{"footnotes":""},"categories":[253,436,440,439],"tags":[],"class_list":["post-169179","post","type-post","status-publish","format-standard","has-post-thumbnail","hentry","category-cidade","category-destaque-da-semana","category-destaques-do-dia","category-ultima-hora"],"_links":{"self":[{"href":"https:\/\/diarioregionaldigital.com.br\/index.php?rest_route=\/wp\/v2\/posts\/169179","targetHints":{"allow":["GET"]}}],"collection":[{"href":"https:\/\/diarioregionaldigital.com.br\/index.php?rest_route=\/wp\/v2\/posts"}],"about":[{"href":"https:\/\/diarioregionaldigital.com.br\/index.php?rest_route=\/wp\/v2\/types\/post"}],"author":[{"embeddable":true,"href":"https:\/\/diarioregionaldigital.com.br\/index.php?rest_route=\/wp\/v2\/users\/96"}],"replies":[{"embeddable":true,"href":"https:\/\/diarioregionaldigital.com.br\/index.php?rest_route=%2Fwp%2Fv2%2Fcomments&post=169179"}],"version-history":[{"count":0,"href":"https:\/\/diarioregionaldigital.com.br\/index.php?rest_route=\/wp\/v2\/posts\/169179\/revisions"}],"wp:featuredmedia":[{"embeddable":true,"href":"https:\/\/diarioregionaldigital.com.br\/index.php?rest_route=\/wp\/v2\/media\/169180"}],"wp:attachment":[{"href":"https:\/\/diarioregionaldigital.com.br\/index.php?rest_route=%2Fwp%2Fv2%2Fmedia&parent=169179"}],"wp:term":[{"taxonomy":"category","embeddable":true,"href":"https:\/\/diarioregionaldigital.com.br\/index.php?rest_route=%2Fwp%2Fv2%2Fcategories&post=169179"},{"taxonomy":"post_tag","embeddable":true,"href":"https:\/\/diarioregionaldigital.com.br\/index.php?rest_route=%2Fwp%2Fv2%2Ftags&post=169179"}],"curies":[{"name":"wp","href":"https:\/\/api.w.org\/{rel}","templated":true}]}}