{"id":169176,"date":"2020-09-18T13:49:51","date_gmt":"2020-09-18T16:49:51","guid":{"rendered":"https:\/\/diarioregionaldigital.com.br\/?p=169176"},"modified":"2020-09-18T13:49:51","modified_gmt":"2020-09-18T16:49:51","slug":"pcmg-deflagra-operacao-de-combate-ao-trafico-de-drogas","status":"publish","type":"post","link":"https:\/\/diarioregionaldigital.com.br\/?p=169176","title":{"rendered":"PCMG deflagra opera\u00e7\u00e3o de combate ao tr\u00e1fico de drogas"},"content":{"rendered":"<p><span style=\"font-weight: 400;\">Visando o combate ao tr\u00e1fico de drogas, a Pol\u00edcia Civil de Minas Gerais (PCMG), deflagrou na quinta-feira (17), a Opera\u00e7\u00e3o \u201cBlack Label\u201d em Juiz de Fora. Ao todo os policiais apreenderam 17 barras de maconha, duas por\u00e7\u00f5es de coca\u00edna e outros materiais.<\/span><\/p>\n<p><span style=\"font-weight: 400;\">Conforme o Delegado Rafael Gomes, da Delegacia Especializada Antidrogas, a PCMG tomou conhecimento sobre uma nova \u201cqualidade\u201d do material, que estaria circulando pelo munic\u00edpio e a mesma seria fornecida por traficantes:<\/span><\/p>\n<p><span style=\"font-weight: 400;\">\u201c<\/span><span style=\"font-weight: 400;\">Essa maconha, diferentemente de outras, apresenta um r\u00f3tulo diferente, preto, indicando ser de uma qualidade superior as demais. Normalmente quando h\u00e1 apreens\u00e3o de maconha, elas s\u00e3o envoltas em uma embalagem marrom, por\u00e9m, segundo essas informa\u00e7\u00f5es que est\u00e1vamos apurando, esse material, por ter uma qualidade superior, teria um r\u00f3tulo preto ao ser comercializado.&#8221;\u00a0<\/span><\/p>\n<p><span style=\"font-weight: 400;\">A autoridade policial relata que durante as investiga\u00e7\u00f5es, foi apurado que o suspeito encontra-se foragido e que o mesmo seria o grande respons\u00e1vel na distribui\u00e7\u00e3o da droga pela regi\u00e3o da Zona da Mata:<\/span><\/p>\n<p><span style=\"font-weight: 400;\">&#8220;N\u00f3s seguimos esse indiv\u00edduo, onde, segundo o que o nosso servi\u00e7o de intelig\u00eancia apurou, sab\u00edamos que ele iria realizar a entrega dessas drogas no per\u00edodo da noite. Ent\u00e3o passamos a seguir este indiv\u00edduo, demos ordem de parada para ele e ele empreendeu fuga, colocando em risco a vida de pedestres e at\u00e9 mesmo dos policiais, n\u00e3o obedecendo a ordem de parada.&#8221;\u00a0<\/span><\/p>\n<p><span style=\"font-weight: 400;\">O Delegado conta que durante a persegui\u00e7\u00e3o, o autor do crime pegou o acesso para a BR-040, sentido Dias Tavares, onde abandonou o ve\u00edculo e empreendeu fuga por uma mata fechada, n\u00e3o sendo poss\u00edvel localiz\u00e1-lo. Durante buscas pelo autom\u00f3vel, \u201cfoi localizada grande quantidade de droga, embalada nessa embalagem preta, demonstrando o produto diferenciado comercializado por este rapaz, al\u00e9m de duas por\u00e7\u00f5es de coca\u00edna, dentre outros materiais\u201d, conclui a autoridade policial dizendo que as investiga\u00e7\u00f5es prosseguem e o indiv\u00edduo j\u00e1 se encontra qualificado pela Pol\u00edcia Civil.<\/span><\/p>\n<p>&nbsp;<\/p>\n","protected":false},"excerpt":{"rendered":"<p>Visando o combate ao tr\u00e1fico de drogas, a Pol\u00edcia Civil de Minas Gerais (PCMG), deflagrou na quinta-feira (17), a Opera\u00e7\u00e3o \u201cBlack Label\u201d em Juiz de Fora. Ao todo os policiais apreenderam 17 barras de maconha, duas por\u00e7\u00f5es de coca\u00edna e outros materiais. Conforme o Delegado Rafael Gomes, da Delegacia Especializada Antidrogas, a PCMG tomou conhecimento [&hellip;]<\/p>\n","protected":false},"author":96,"featured_media":169177,"comment_status":"closed","ping_status":"closed","sticky":false,"template":"","format":"standard","meta":{"footnotes":""},"categories":[301,436,439],"tags":[],"class_list":["post-169176","post","type-post","status-publish","format-standard","has-post-thumbnail","hentry","category-artigos-policiais","category-destaque-da-semana","category-ultima-hora"],"_links":{"self":[{"href":"https:\/\/diarioregionaldigital.com.br\/index.php?rest_route=\/wp\/v2\/posts\/169176","targetHints":{"allow":["GET"]}}],"collection":[{"href":"https:\/\/diarioregionaldigital.com.br\/index.php?rest_route=\/wp\/v2\/posts"}],"about":[{"href":"https:\/\/diarioregionaldigital.com.br\/index.php?rest_route=\/wp\/v2\/types\/post"}],"author":[{"embeddable":true,"href":"https:\/\/diarioregionaldigital.com.br\/index.php?rest_route=\/wp\/v2\/users\/96"}],"replies":[{"embeddable":true,"href":"https:\/\/diarioregionaldigital.com.br\/index.php?rest_route=%2Fwp%2Fv2%2Fcomments&post=169176"}],"version-history":[{"count":0,"href":"https:\/\/diarioregionaldigital.com.br\/index.php?rest_route=\/wp\/v2\/posts\/169176\/revisions"}],"wp:featuredmedia":[{"embeddable":true,"href":"https:\/\/diarioregionaldigital.com.br\/index.php?rest_route=\/wp\/v2\/media\/169177"}],"wp:attachment":[{"href":"https:\/\/diarioregionaldigital.com.br\/index.php?rest_route=%2Fwp%2Fv2%2Fmedia&parent=169176"}],"wp:term":[{"taxonomy":"category","embeddable":true,"href":"https:\/\/diarioregionaldigital.com.br\/index.php?rest_route=%2Fwp%2Fv2%2Fcategories&post=169176"},{"taxonomy":"post_tag","embeddable":true,"href":"https:\/\/diarioregionaldigital.com.br\/index.php?rest_route=%2Fwp%2Fv2%2Ftags&post=169176"}],"curies":[{"name":"wp","href":"https:\/\/api.w.org\/{rel}","templated":true}]}}