{"id":169171,"date":"2020-09-18T13:19:34","date_gmt":"2020-09-18T16:19:34","guid":{"rendered":"https:\/\/diarioregionaldigital.com.br\/?p=169171"},"modified":"2020-09-18T13:19:34","modified_gmt":"2020-09-18T16:19:34","slug":"caminhao-tanque-pega-fogo-na-br-265","status":"publish","type":"post","link":"https:\/\/diarioregionaldigital.com.br\/?p=169171","title":{"rendered":"Caminh\u00e3o-tanque pega fogo na BR-265"},"content":{"rendered":"<p>Um caminh\u00e3o-tanque tombou nesta sexta-feira (18), na altura do Km 210 da BR-265, entre Barbacena e Barroso. O motorista morreu no local. Conforme informa\u00e7\u00f5es do Corpo de Bombeiros, o ve\u00edculo teria colidido contra um pared\u00e3o de pedras, nas proximidades com a Ponte dos Caeiros. O caminh\u00e3o tem placas de Ub\u00e1 e carregava cerca de 30 mil litros de etanol, At\u00e9 o momento, o tr\u00e2nsito est\u00e1 parado nas duas pistas.<\/p>\n","protected":false},"excerpt":{"rendered":"<p>Um caminh\u00e3o-tanque tombou nesta sexta-feira (18), na altura do Km 210 da BR-265, entre Barbacena e Barroso. O motorista morreu no local. Conforme informa\u00e7\u00f5es do Corpo de Bombeiros, o ve\u00edculo teria colidido contra um pared\u00e3o de pedras, nas proximidades com a Ponte dos Caeiros. O caminh\u00e3o tem placas de Ub\u00e1 e carregava cerca de 30 [&hellip;]<\/p>\n","protected":false},"author":96,"featured_media":169172,"comment_status":"closed","ping_status":"closed","sticky":false,"template":"","format":"standard","meta":{"footnotes":""},"categories":[436,252,439],"tags":[],"class_list":["post-169171","post","type-post","status-publish","format-standard","has-post-thumbnail","hentry","category-destaque-da-semana","category-regiao","category-ultima-hora"],"_links":{"self":[{"href":"https:\/\/diarioregionaldigital.com.br\/index.php?rest_route=\/wp\/v2\/posts\/169171","targetHints":{"allow":["GET"]}}],"collection":[{"href":"https:\/\/diarioregionaldigital.com.br\/index.php?rest_route=\/wp\/v2\/posts"}],"about":[{"href":"https:\/\/diarioregionaldigital.com.br\/index.php?rest_route=\/wp\/v2\/types\/post"}],"author":[{"embeddable":true,"href":"https:\/\/diarioregionaldigital.com.br\/index.php?rest_route=\/wp\/v2\/users\/96"}],"replies":[{"embeddable":true,"href":"https:\/\/diarioregionaldigital.com.br\/index.php?rest_route=%2Fwp%2Fv2%2Fcomments&post=169171"}],"version-history":[{"count":0,"href":"https:\/\/diarioregionaldigital.com.br\/index.php?rest_route=\/wp\/v2\/posts\/169171\/revisions"}],"wp:featuredmedia":[{"embeddable":true,"href":"https:\/\/diarioregionaldigital.com.br\/index.php?rest_route=\/wp\/v2\/media\/169172"}],"wp:attachment":[{"href":"https:\/\/diarioregionaldigital.com.br\/index.php?rest_route=%2Fwp%2Fv2%2Fmedia&parent=169171"}],"wp:term":[{"taxonomy":"category","embeddable":true,"href":"https:\/\/diarioregionaldigital.com.br\/index.php?rest_route=%2Fwp%2Fv2%2Fcategories&post=169171"},{"taxonomy":"post_tag","embeddable":true,"href":"https:\/\/diarioregionaldigital.com.br\/index.php?rest_route=%2Fwp%2Fv2%2Ftags&post=169171"}],"curies":[{"name":"wp","href":"https:\/\/api.w.org\/{rel}","templated":true}]}}