{"id":169168,"date":"2020-09-18T13:13:22","date_gmt":"2020-09-18T16:13:22","guid":{"rendered":"https:\/\/diarioregionaldigital.com.br\/?p=169168"},"modified":"2020-09-18T13:13:22","modified_gmt":"2020-09-18T16:13:22","slug":"incendio-atinge-area-florestal-em-ibitipoca","status":"publish","type":"post","link":"https:\/\/diarioregionaldigital.com.br\/?p=169168","title":{"rendered":"Inc\u00eandio atinge \u00e1rea florestal em Ibitipoca"},"content":{"rendered":"<p>Na noite de quarta-feira (16), o Corpo de Bombeiros de Juiz de Fora, foi enviado para atender a uma ocorr\u00eancia de inc\u00eandio na \u00e1rea florestal de Ibitipoca. Ao chegar no local, os militares constataram a exist\u00eancia de dois focos de grandes propor\u00e7\u00f5es e ambos estavam em locais de dif\u00edcil acesso. Por conta da dificuldade, os bombeiros tiveram que fazer parte do trajeto a p\u00e9, para chegar ao foco do inc\u00eandio, que encontrava-se nas proximidades da torre de telefonia do lugarejo e este apresentava riscos para os moradores.<\/p>\n<p>Ap\u00f3s uma longa caminhada em terreno irregular, os bombeiros ainda tiveram que enfrentar a vegeta\u00e7\u00e3o alta, o que dificultou ainda mais o deslocamento. Ap\u00f3s mais de duas horas de combate, as chamas foram controladas naquele ponto. J\u00e1 o segundo foco estava em uma mata fechada e inacess\u00edvel pela falta de luminosidade e pelo risco de queda de um pared\u00e3o de pedra, existente no local. O inc\u00eandio neste ponto durou a madrugada inteira e um caminh\u00e3o pipa de Lima Duarte permaneceu no distrito, para a seguran\u00e7a das resid\u00eancias.<\/p>\n","protected":false},"excerpt":{"rendered":"<p>Na noite de quarta-feira (16), o Corpo de Bombeiros de Juiz de Fora, foi enviado para atender a uma ocorr\u00eancia de inc\u00eandio na \u00e1rea florestal de Ibitipoca. Ao chegar no local, os militares constataram a exist\u00eancia de dois focos de grandes propor\u00e7\u00f5es e ambos estavam em locais de dif\u00edcil acesso. Por conta da dificuldade, os [&hellip;]<\/p>\n","protected":false},"author":96,"featured_media":169169,"comment_status":"closed","ping_status":"closed","sticky":false,"template":"","format":"standard","meta":{"footnotes":""},"categories":[436,252,439],"tags":[],"class_list":["post-169168","post","type-post","status-publish","format-standard","has-post-thumbnail","hentry","category-destaque-da-semana","category-regiao","category-ultima-hora"],"_links":{"self":[{"href":"https:\/\/diarioregionaldigital.com.br\/index.php?rest_route=\/wp\/v2\/posts\/169168","targetHints":{"allow":["GET"]}}],"collection":[{"href":"https:\/\/diarioregionaldigital.com.br\/index.php?rest_route=\/wp\/v2\/posts"}],"about":[{"href":"https:\/\/diarioregionaldigital.com.br\/index.php?rest_route=\/wp\/v2\/types\/post"}],"author":[{"embeddable":true,"href":"https:\/\/diarioregionaldigital.com.br\/index.php?rest_route=\/wp\/v2\/users\/96"}],"replies":[{"embeddable":true,"href":"https:\/\/diarioregionaldigital.com.br\/index.php?rest_route=%2Fwp%2Fv2%2Fcomments&post=169168"}],"version-history":[{"count":0,"href":"https:\/\/diarioregionaldigital.com.br\/index.php?rest_route=\/wp\/v2\/posts\/169168\/revisions"}],"wp:featuredmedia":[{"embeddable":true,"href":"https:\/\/diarioregionaldigital.com.br\/index.php?rest_route=\/wp\/v2\/media\/169169"}],"wp:attachment":[{"href":"https:\/\/diarioregionaldigital.com.br\/index.php?rest_route=%2Fwp%2Fv2%2Fmedia&parent=169168"}],"wp:term":[{"taxonomy":"category","embeddable":true,"href":"https:\/\/diarioregionaldigital.com.br\/index.php?rest_route=%2Fwp%2Fv2%2Fcategories&post=169168"},{"taxonomy":"post_tag","embeddable":true,"href":"https:\/\/diarioregionaldigital.com.br\/index.php?rest_route=%2Fwp%2Fv2%2Ftags&post=169168"}],"curies":[{"name":"wp","href":"https:\/\/api.w.org\/{rel}","templated":true}]}}