{"id":169165,"date":"2020-09-18T12:16:40","date_gmt":"2020-09-18T15:16:40","guid":{"rendered":"https:\/\/diarioregionaldigital.com.br\/?p=169165"},"modified":"2020-09-18T12:16:40","modified_gmt":"2020-09-18T15:16:40","slug":"estado-acumula-6-574-mortes-por-coronavirus","status":"publish","type":"post","link":"https:\/\/diarioregionaldigital.com.br\/?p=169165","title":{"rendered":"Estado acumula 6.574 mortes por Coronav\u00edrus"},"content":{"rendered":"<p>O novo boletim epidemiol\u00f3gico divulgado pela Secretaria de Estado da Sa\u00fade de Minas Gerais (SES-MG), indica que o estado acumula 6.574 mortes por Coronav\u00edrus. Nas \u00faltimas 24h, foram registrados 74 \u00f3bitos. Os dados indicam que dentre as mortes confirmadas, 3.746 s\u00e3o do sexo masculino e 2.828 s\u00e3o do feminino. De acordo com o levantamento, houve aumento de 3.184 novos casos, totalizando 265.185 pessoas infectadas. Al\u00e9m disso, 230.437 pacientes est\u00e3o recuperados da doen\u00e7a, representando 86,8% dos casos e at\u00e9 ent\u00e3o, 28.174 fazem acompanhamento m\u00e9dico.<\/p>\n<p>Conforme o SES-MG, foram feitos 128.848 testes laboratoriais, sendo que 33.254 deram positivo, 91.233 deram negativo e 1.679 est\u00e3o sob an\u00e1lise. Quanto aos dados de hospitaliza\u00e7\u00e3o, 26.531 pacientes infectados est\u00e3o internados em hospitais e 238.654 fazem isolamento domiciliar.<\/p>\n","protected":false},"excerpt":{"rendered":"<p>O novo boletim epidemiol\u00f3gico divulgado pela Secretaria de Estado da Sa\u00fade de Minas Gerais (SES-MG), indica que o estado acumula 6.574 mortes por Coronav\u00edrus. Nas \u00faltimas 24h, foram registrados 74 \u00f3bitos. Os dados indicam que dentre as mortes confirmadas, 3.746 s\u00e3o do sexo masculino e 2.828 s\u00e3o do feminino. De acordo com o levantamento, houve [&hellip;]<\/p>\n","protected":false},"author":96,"featured_media":163331,"comment_status":"closed","ping_status":"closed","sticky":false,"template":"","format":"standard","meta":{"footnotes":""},"categories":[436,440,252,439],"tags":[],"class_list":["post-169165","post","type-post","status-publish","format-standard","has-post-thumbnail","hentry","category-destaque-da-semana","category-destaques-do-dia","category-regiao","category-ultima-hora"],"_links":{"self":[{"href":"https:\/\/diarioregionaldigital.com.br\/index.php?rest_route=\/wp\/v2\/posts\/169165","targetHints":{"allow":["GET"]}}],"collection":[{"href":"https:\/\/diarioregionaldigital.com.br\/index.php?rest_route=\/wp\/v2\/posts"}],"about":[{"href":"https:\/\/diarioregionaldigital.com.br\/index.php?rest_route=\/wp\/v2\/types\/post"}],"author":[{"embeddable":true,"href":"https:\/\/diarioregionaldigital.com.br\/index.php?rest_route=\/wp\/v2\/users\/96"}],"replies":[{"embeddable":true,"href":"https:\/\/diarioregionaldigital.com.br\/index.php?rest_route=%2Fwp%2Fv2%2Fcomments&post=169165"}],"version-history":[{"count":0,"href":"https:\/\/diarioregionaldigital.com.br\/index.php?rest_route=\/wp\/v2\/posts\/169165\/revisions"}],"wp:featuredmedia":[{"embeddable":true,"href":"https:\/\/diarioregionaldigital.com.br\/index.php?rest_route=\/wp\/v2\/media\/163331"}],"wp:attachment":[{"href":"https:\/\/diarioregionaldigital.com.br\/index.php?rest_route=%2Fwp%2Fv2%2Fmedia&parent=169165"}],"wp:term":[{"taxonomy":"category","embeddable":true,"href":"https:\/\/diarioregionaldigital.com.br\/index.php?rest_route=%2Fwp%2Fv2%2Fcategories&post=169165"},{"taxonomy":"post_tag","embeddable":true,"href":"https:\/\/diarioregionaldigital.com.br\/index.php?rest_route=%2Fwp%2Fv2%2Ftags&post=169165"}],"curies":[{"name":"wp","href":"https:\/\/api.w.org\/{rel}","templated":true}]}}