{"id":169162,"date":"2020-09-18T12:08:35","date_gmt":"2020-09-18T15:08:35","guid":{"rendered":"https:\/\/diarioregionaldigital.com.br\/?p=169162"},"modified":"2020-09-18T12:08:35","modified_gmt":"2020-09-18T15:08:35","slug":"comite-covid-19-parque-da-lajinha-sera-reaberto-e-juiz-de-fora-permanece-na-onda-amarela","status":"publish","type":"post","link":"https:\/\/diarioregionaldigital.com.br\/?p=169162","title":{"rendered":"Comit\u00ea Covid-19: Parque da Lajinha ser\u00e1 reaberto e Juiz de Fora permanece na Onda Amarela"},"content":{"rendered":"<p><span style=\"font-weight: 400;\">Durante reuni\u00e3o realizada na quinta-feira (17), o Comit\u00ea Municipal de Enfrentamento e Preven\u00e7\u00e3o \u00e0 Covid-19, junto com participa\u00e7\u00e3o do prefeito Ant\u00f4nio Almas (PSDB), determinou a reabertura do Parque da Lajinha para este s\u00e1bado (19). O local n\u00e3o recebe p\u00fablico desde o in\u00edcio da pandemia. Na \u00faltima semana, governador de Minas Gerais, Romeu Zema (Novo), autorizou acesso a equipamentos culturais e ambientais em munic\u00edpios categorizados na \u201conda amarela\u201d.\u00a0<\/span><\/p>\n<p><span style=\"font-weight: 400;\">Segundo informa\u00e7\u00f5es da Secretaria de Meio Ambiente e Ordenamento Urbano (Semaur), o local ir\u00e1 funcionar de ter\u00e7a-feira a domingo, somente no hor\u00e1rio entre 8h00 e 12h00. Al\u00e9m disso, s\u00f3 ser\u00e1 permitida presen\u00e7a de 100 pessoas simultaneamente. Dentre as medidas estipuladas, est\u00e3o inclusas: uso obrigat\u00f3rio de m\u00e1scara; aferi\u00e7\u00e3o de temperatura na portaria do parque; est\u00e3o vetados qualquer tipo de evento, piqueniques, e ensaios fotogr\u00e1ficos; estacionamento limitado a 22 vagas no interno e a sete vagas no externo, onde est\u00e3o localizadas as vagas para pessoas com defici\u00eancia e idosos; parquinhos infantis e os aparelhos de gin\u00e1stica ficar\u00e3o fechados; a fila para entrada dever\u00e1 respeitar a dist\u00e2ncia m\u00ednima de dois metros entre as pessoas, respeitando as sinaliza\u00e7\u00f5es de distanciamento no ch\u00e3o; a utiliza\u00e7\u00e3o dos bebedouros ser\u00e1 permitida somente com garrafas ou copos, sendo proibido o uso do jato diretamente na boca.<\/span><\/p>\n<p><span style=\"font-weight: 400;\">Todo o trabalho de fiscaliza\u00e7\u00e3o e controle do acesso ao local, ser\u00e1 feito pelos servidores do parque, juntamente com a Guarda Municipal Ambiental.<\/span><\/p>\n<p><span style=\"font-weight: 400;\">O colegiado vetou abertura do Parque do Museu Mariano Proc\u00f3pio e tamb\u00e9m do Parque Halfeld. Conforme o Comit\u00ea, n\u00e3o seria poss\u00edvel controlar o fluxo de pessoas que circularem pelo Parque Halfeld. Enquanto que no caso do museu, <\/span><span style=\"font-weight: 400;\">demandaria um esfor\u00e7o operacional das autoridades p\u00fablicas considerado invi\u00e1vel em um primeiro momento<\/span><\/p>\n<p><b>Perman\u00eancia na \u201cOnda Amarela\u201d<\/b><\/p>\n<p><span style=\"font-weight: 400;\">Os membros do Comit\u00ea decidiram manter Juiz de Fora na \u201cOnda Amarela\u201d, do programa \u201cMinas Consciente\u201d, alegando que a m\u00e9dia de casos confirmados de Coronav\u00edrus no munic\u00edpio, aumentou em aproximadamente 70%, dentro do per\u00edodo entre 9 e 17 deste m\u00eas. A an\u00e1lise do caso foi feita ap\u00f3s o Governo do estado permitir <\/span><span style=\"font-weight: 400;\">que a microrregi\u00e3o de Juiz de Fora\/Lima Duarte\/S\u00e3o Jo\u00e3o Nepomuceno\/Bicas, pudesse avan\u00e7ar para a \u201cOnda Verde\u201d, que \u00e9 a etapa menos restritiva do \u201cMinas Consciente\u201d.<\/span><\/p>\n<p><b>Retomada do self-service<\/b><\/p>\n<p><span style=\"font-weight: 400;\">O encontro vetou tamb\u00e9m a retomada do servi\u00e7o de self-service, nos bares e restaurantes do munic\u00edpio. O grupo determinou que os respectivos estabelecimentos devem continuar com os moldes estabelecidos nos Decretos.\u00a0\u00a0\u00a0<\/span><\/p>\n<p><b>Veto \u00e0s aulas presenciais no Col\u00e9gio Militar<\/b><\/p>\n<p><span style=\"font-weight: 400;\">Na quarta-feira (16), o Col\u00e9gio Militar de Juiz de Fora, emitiu um comunicado oficial, anunciando a retomada das aulas presenciais, a partir desta segunda-feira (21). Todo o planejamento de retomada dos trabalhos presenciais junto com os protocolos sanit\u00e1rios, foi feito junto com a Diretoria de Educa\u00e7\u00e3o Preparat\u00f3ria e Assistencial (DEPA), respons\u00e1vel pela coordena\u00e7\u00e3o, controle e supervis\u00e3o das atividades dos Col\u00e9gios Militares (CM), embasada nas orienta\u00e7\u00f5es dos Minist\u00e9rios da Defesa, da Educa\u00e7\u00e3o e da Sa\u00fade, do Comando do Ex\u00e9rcito e do Departamento de Educa\u00e7\u00e3o e Cultura do Ex\u00e9rcito (DECEx).<\/span><\/p>\n<p><span style=\"font-weight: 400;\">Diante deste cen\u00e1rio, o Comit\u00ea vetou o retorno das aulas, mesmo com as medidas estipuladas pelo CMJF. Al\u00e9m disso, o prefeito Ant\u00f4nio Almas, diz que as normas previstas em Decreto, valem para todas as escolas das redes p\u00fablicas municipal, estadual e federal, bem como \u00e0s escolas da rede privada de ensino.<\/span><\/p>\n","protected":false},"excerpt":{"rendered":"<p>Durante reuni\u00e3o realizada na quinta-feira (17), o Comit\u00ea Municipal de Enfrentamento e Preven\u00e7\u00e3o \u00e0 Covid-19, junto com participa\u00e7\u00e3o do prefeito Ant\u00f4nio Almas (PSDB), determinou a reabertura do Parque da Lajinha para este s\u00e1bado (19). O local n\u00e3o recebe p\u00fablico desde o in\u00edcio da pandemia. Na \u00faltima semana, governador de Minas Gerais, Romeu Zema (Novo), autorizou [&hellip;]<\/p>\n","protected":false},"author":96,"featured_media":169163,"comment_status":"closed","ping_status":"closed","sticky":false,"template":"","format":"standard","meta":{"footnotes":""},"categories":[253,436,440,439],"tags":[],"class_list":["post-169162","post","type-post","status-publish","format-standard","has-post-thumbnail","hentry","category-cidade","category-destaque-da-semana","category-destaques-do-dia","category-ultima-hora"],"_links":{"self":[{"href":"https:\/\/diarioregionaldigital.com.br\/index.php?rest_route=\/wp\/v2\/posts\/169162","targetHints":{"allow":["GET"]}}],"collection":[{"href":"https:\/\/diarioregionaldigital.com.br\/index.php?rest_route=\/wp\/v2\/posts"}],"about":[{"href":"https:\/\/diarioregionaldigital.com.br\/index.php?rest_route=\/wp\/v2\/types\/post"}],"author":[{"embeddable":true,"href":"https:\/\/diarioregionaldigital.com.br\/index.php?rest_route=\/wp\/v2\/users\/96"}],"replies":[{"embeddable":true,"href":"https:\/\/diarioregionaldigital.com.br\/index.php?rest_route=%2Fwp%2Fv2%2Fcomments&post=169162"}],"version-history":[{"count":0,"href":"https:\/\/diarioregionaldigital.com.br\/index.php?rest_route=\/wp\/v2\/posts\/169162\/revisions"}],"wp:featuredmedia":[{"embeddable":true,"href":"https:\/\/diarioregionaldigital.com.br\/index.php?rest_route=\/wp\/v2\/media\/169163"}],"wp:attachment":[{"href":"https:\/\/diarioregionaldigital.com.br\/index.php?rest_route=%2Fwp%2Fv2%2Fmedia&parent=169162"}],"wp:term":[{"taxonomy":"category","embeddable":true,"href":"https:\/\/diarioregionaldigital.com.br\/index.php?rest_route=%2Fwp%2Fv2%2Fcategories&post=169162"},{"taxonomy":"post_tag","embeddable":true,"href":"https:\/\/diarioregionaldigital.com.br\/index.php?rest_route=%2Fwp%2Fv2%2Ftags&post=169162"}],"curies":[{"name":"wp","href":"https:\/\/api.w.org\/{rel}","templated":true}]}}