{"id":169160,"date":"2020-09-18T10:43:42","date_gmt":"2020-09-18T13:43:42","guid":{"rendered":"https:\/\/diarioregionaldigital.com.br\/?p=169160"},"modified":"2020-09-18T10:43:42","modified_gmt":"2020-09-18T13:43:42","slug":"suspeito-entra-em-luta-corporal-com-policial-militar","status":"publish","type":"post","link":"https:\/\/diarioregionaldigital.com.br\/?p=169160","title":{"rendered":"Suspeito entra em luta corporal com Policial Militar"},"content":{"rendered":"<p>Na tarde de quinta-feira (17), um Policial Militar adentrou em um \u00f4nibus, com destino a cidade de Pira\u00faba e assim que entrou no ve\u00edculo, sentiu forte odor de maconha. O militar se deslocou at\u00e9 a parte traseira do \u00f4nibus e visualizou o autor. Na tentativa de abordagem, o autor investiu violentamente contra o militar, tentando alcan\u00e7ar sua arma. Logo em seguida, entrou em luta corporal, sendo utilizados t\u00e9cnicas de defesa pessoal, entretanto o autor engoliu um involucro de coca\u00edna, fugindo do veiculo logo em seguida.<\/p>\n<p>Durante persegui\u00e7\u00e3o, o suspeito foi alcan\u00e7ado e novamente resistiu a pris\u00e3o, sendo contido e imobilizado. Durante buscas pessoais, foram apreendidos 11 tabletes de maconha e R$10,00 reais em dinheiro. Durante a luta corporal, o policial teve uma les\u00e3o no ombro, enquanto que o autor teve um dedo fraturado, escoria\u00e7\u00f5es pelo corpo e um corte contuso na cabe\u00e7a, ficando internado para passar por cirurgia. Diante dos fatos, o suspeito foi preso em flagrante e permanece sob escolta no hospital.<\/p>\n","protected":false},"excerpt":{"rendered":"<p>Na tarde de quinta-feira (17), um Policial Militar adentrou em um \u00f4nibus, com destino a cidade de Pira\u00faba e assim que entrou no ve\u00edculo, sentiu forte odor de maconha. O militar se deslocou at\u00e9 a parte traseira do \u00f4nibus e visualizou o autor. Na tentativa de abordagem, o autor investiu violentamente contra o militar, tentando [&hellip;]<\/p>\n","protected":false},"author":96,"featured_media":165308,"comment_status":"closed","ping_status":"closed","sticky":false,"template":"","format":"standard","meta":{"footnotes":""},"categories":[301,436,439],"tags":[],"class_list":["post-169160","post","type-post","status-publish","format-standard","has-post-thumbnail","hentry","category-artigos-policiais","category-destaque-da-semana","category-ultima-hora"],"_links":{"self":[{"href":"https:\/\/diarioregionaldigital.com.br\/index.php?rest_route=\/wp\/v2\/posts\/169160","targetHints":{"allow":["GET"]}}],"collection":[{"href":"https:\/\/diarioregionaldigital.com.br\/index.php?rest_route=\/wp\/v2\/posts"}],"about":[{"href":"https:\/\/diarioregionaldigital.com.br\/index.php?rest_route=\/wp\/v2\/types\/post"}],"author":[{"embeddable":true,"href":"https:\/\/diarioregionaldigital.com.br\/index.php?rest_route=\/wp\/v2\/users\/96"}],"replies":[{"embeddable":true,"href":"https:\/\/diarioregionaldigital.com.br\/index.php?rest_route=%2Fwp%2Fv2%2Fcomments&post=169160"}],"version-history":[{"count":0,"href":"https:\/\/diarioregionaldigital.com.br\/index.php?rest_route=\/wp\/v2\/posts\/169160\/revisions"}],"wp:featuredmedia":[{"embeddable":true,"href":"https:\/\/diarioregionaldigital.com.br\/index.php?rest_route=\/wp\/v2\/media\/165308"}],"wp:attachment":[{"href":"https:\/\/diarioregionaldigital.com.br\/index.php?rest_route=%2Fwp%2Fv2%2Fmedia&parent=169160"}],"wp:term":[{"taxonomy":"category","embeddable":true,"href":"https:\/\/diarioregionaldigital.com.br\/index.php?rest_route=%2Fwp%2Fv2%2Fcategories&post=169160"},{"taxonomy":"post_tag","embeddable":true,"href":"https:\/\/diarioregionaldigital.com.br\/index.php?rest_route=%2Fwp%2Fv2%2Ftags&post=169160"}],"curies":[{"name":"wp","href":"https:\/\/api.w.org\/{rel}","templated":true}]}}