{"id":169157,"date":"2020-09-18T10:35:25","date_gmt":"2020-09-18T13:35:25","guid":{"rendered":"https:\/\/diarioregionaldigital.com.br\/?p=169157"},"modified":"2020-09-18T10:35:25","modified_gmt":"2020-09-18T13:35:25","slug":"suspeitos-de-cometerem-assassinato-sao-presos-durante-operacao-da-pm","status":"publish","type":"post","link":"https:\/\/diarioregionaldigital.com.br\/?p=169157","title":{"rendered":"Suspeitos de cometerem assassinato s\u00e3o presos durante Opera\u00e7\u00e3o da PM"},"content":{"rendered":"<p>Durante uma Opera\u00e7\u00e3o realizada na manh\u00e3 de quinta-feira (17), no Bairro J\u00f3quei Clube (Regi\u00e3o Norte), a Pol\u00edcia Militar (PM), recebeu informa\u00e7\u00f5es de que dois indiv\u00edduos, ambos de 20 anos, estariam se escondendo em uma resid\u00eancia abandonada no local. Os militares se deslocaram ao endere\u00e7o indicado e ap\u00f3s verbalizarem com os autores, estes sa\u00edram correndo, sendo alcan\u00e7ados e abordados.<\/p>\n<p>Foi feita checagem no sistema, sendo constatado que os abordados tinham um mandado de pris\u00e3o em aberto pelo crime de homic\u00eddio. Dando prosseguimento \u00e0s dilig\u00eancias, os policiais encontraram um rev\u00f3lver calibre 32 e um r\u00e1dio transmissor. Diante dos fatos, os infratores foram presos em flagrante e conduzidos para a Delegacia.<\/p>\n","protected":false},"excerpt":{"rendered":"<p>Durante uma Opera\u00e7\u00e3o realizada na manh\u00e3 de quinta-feira (17), no Bairro J\u00f3quei Clube (Regi\u00e3o Norte), a Pol\u00edcia Militar (PM), recebeu informa\u00e7\u00f5es de que dois indiv\u00edduos, ambos de 20 anos, estariam se escondendo em uma resid\u00eancia abandonada no local. Os militares se deslocaram ao endere\u00e7o indicado e ap\u00f3s verbalizarem com os autores, estes sa\u00edram correndo, sendo [&hellip;]<\/p>\n","protected":false},"author":96,"featured_media":169158,"comment_status":"closed","ping_status":"closed","sticky":false,"template":"","format":"standard","meta":{"footnotes":""},"categories":[301,436,439],"tags":[],"class_list":["post-169157","post","type-post","status-publish","format-standard","has-post-thumbnail","hentry","category-artigos-policiais","category-destaque-da-semana","category-ultima-hora"],"_links":{"self":[{"href":"https:\/\/diarioregionaldigital.com.br\/index.php?rest_route=\/wp\/v2\/posts\/169157","targetHints":{"allow":["GET"]}}],"collection":[{"href":"https:\/\/diarioregionaldigital.com.br\/index.php?rest_route=\/wp\/v2\/posts"}],"about":[{"href":"https:\/\/diarioregionaldigital.com.br\/index.php?rest_route=\/wp\/v2\/types\/post"}],"author":[{"embeddable":true,"href":"https:\/\/diarioregionaldigital.com.br\/index.php?rest_route=\/wp\/v2\/users\/96"}],"replies":[{"embeddable":true,"href":"https:\/\/diarioregionaldigital.com.br\/index.php?rest_route=%2Fwp%2Fv2%2Fcomments&post=169157"}],"version-history":[{"count":0,"href":"https:\/\/diarioregionaldigital.com.br\/index.php?rest_route=\/wp\/v2\/posts\/169157\/revisions"}],"wp:featuredmedia":[{"embeddable":true,"href":"https:\/\/diarioregionaldigital.com.br\/index.php?rest_route=\/wp\/v2\/media\/169158"}],"wp:attachment":[{"href":"https:\/\/diarioregionaldigital.com.br\/index.php?rest_route=%2Fwp%2Fv2%2Fmedia&parent=169157"}],"wp:term":[{"taxonomy":"category","embeddable":true,"href":"https:\/\/diarioregionaldigital.com.br\/index.php?rest_route=%2Fwp%2Fv2%2Fcategories&post=169157"},{"taxonomy":"post_tag","embeddable":true,"href":"https:\/\/diarioregionaldigital.com.br\/index.php?rest_route=%2Fwp%2Fv2%2Ftags&post=169157"}],"curies":[{"name":"wp","href":"https:\/\/api.w.org\/{rel}","templated":true}]}}