{"id":169094,"date":"2020-09-17T17:51:32","date_gmt":"2020-09-17T20:51:32","guid":{"rendered":"https:\/\/diarioregionaldigital.com.br\/?p=169094"},"modified":"2020-09-17T17:51:32","modified_gmt":"2020-09-17T20:51:32","slug":"bisneto-da-princesa-isabel-grava-conteudo-para-a-primavera-dos-museus","status":"publish","type":"post","link":"https:\/\/diarioregionaldigital.com.br\/?p=169094","title":{"rendered":"Bisneto da Princesa Isabel grava conte\u00fado para a &#8220;Primavera dos Museus&#8221;"},"content":{"rendered":"<p>Dentro da programa\u00e7\u00e3o da 14\u00aa edi\u00e7\u00e3o da \u201cPrimavera dos Museus\u201d, elaborada pela equipe do &#8220;Mariano Proc\u00f3pio&#8221;, ser\u00e3o divulgados v\u00eddeos com diferentes conte\u00fados, e um deles conta com a participa\u00e7\u00e3o do bisneto da Princesa Isabel (1846-1921), D. Pedro Carlos de Orleans e Bragan\u00e7a e Bourbon. Em visita \u00e0 institui\u00e7\u00e3o na tarde de quarta-feira, 16, al\u00e9m da grava\u00e7\u00e3o do v\u00eddeo, ele doou \u00e0 Biblioteca do Museu um exemplar do livro \u201cAlegrias e Tristezas \u2013 Estudos Sobre a Autobiografia de D. Isabel do Brasil\u201d, publica\u00e7\u00e3o que contou com sua contribui\u00e7\u00e3o.<\/p>\n<p>No v\u00eddeo a ser divulgado ao longo da temporada cultural, de 21 a 27 de setembro, Pedro Carlos destaca o papel dos museus na educa\u00e7\u00e3o, al\u00e9m do v\u00ednculo mantido com o p\u00fablico durante o per\u00edodo de pandemia, e a import\u00e2ncia das redes sociais e m\u00eddias digitais. Al\u00e9m disso, rememora a figura do imperador D. Pedro II (1825-1891), conhecido por ser estudioso e interessado nas tecnologias. Em conversa com o diretor do Museu \u201cMariano Proc\u00f3pio\u201d, Ant\u00f4nio Carlos Duarte, Pedro Carlos parabenizou os colaboradores da institui\u00e7\u00e3o, e disse acompanhar as publica\u00e7\u00f5es do Museu no instagram.<\/p>\n<p><strong>Fonte:\u00a0<\/strong>Assessoria<\/p>\n","protected":false},"excerpt":{"rendered":"<p>Dentro da programa\u00e7\u00e3o da 14\u00aa edi\u00e7\u00e3o da \u201cPrimavera dos Museus\u201d, elaborada pela equipe do &#8220;Mariano Proc\u00f3pio&#8221;, ser\u00e3o divulgados v\u00eddeos com diferentes conte\u00fados, e um deles conta com a participa\u00e7\u00e3o do bisneto da Princesa Isabel (1846-1921), D. Pedro Carlos de Orleans e Bragan\u00e7a e Bourbon. Em visita \u00e0 institui\u00e7\u00e3o na tarde de quarta-feira, 16, al\u00e9m da [&hellip;]<\/p>\n","protected":false},"author":96,"featured_media":169095,"comment_status":"closed","ping_status":"closed","sticky":false,"template":"","format":"standard","meta":{"footnotes":""},"categories":[256,436,439],"tags":[],"class_list":["post-169094","post","type-post","status-publish","format-standard","has-post-thumbnail","hentry","category-cultura","category-destaque-da-semana","category-ultima-hora"],"_links":{"self":[{"href":"https:\/\/diarioregionaldigital.com.br\/index.php?rest_route=\/wp\/v2\/posts\/169094","targetHints":{"allow":["GET"]}}],"collection":[{"href":"https:\/\/diarioregionaldigital.com.br\/index.php?rest_route=\/wp\/v2\/posts"}],"about":[{"href":"https:\/\/diarioregionaldigital.com.br\/index.php?rest_route=\/wp\/v2\/types\/post"}],"author":[{"embeddable":true,"href":"https:\/\/diarioregionaldigital.com.br\/index.php?rest_route=\/wp\/v2\/users\/96"}],"replies":[{"embeddable":true,"href":"https:\/\/diarioregionaldigital.com.br\/index.php?rest_route=%2Fwp%2Fv2%2Fcomments&post=169094"}],"version-history":[{"count":0,"href":"https:\/\/diarioregionaldigital.com.br\/index.php?rest_route=\/wp\/v2\/posts\/169094\/revisions"}],"wp:featuredmedia":[{"embeddable":true,"href":"https:\/\/diarioregionaldigital.com.br\/index.php?rest_route=\/wp\/v2\/media\/169095"}],"wp:attachment":[{"href":"https:\/\/diarioregionaldigital.com.br\/index.php?rest_route=%2Fwp%2Fv2%2Fmedia&parent=169094"}],"wp:term":[{"taxonomy":"category","embeddable":true,"href":"https:\/\/diarioregionaldigital.com.br\/index.php?rest_route=%2Fwp%2Fv2%2Fcategories&post=169094"},{"taxonomy":"post_tag","embeddable":true,"href":"https:\/\/diarioregionaldigital.com.br\/index.php?rest_route=%2Fwp%2Fv2%2Ftags&post=169094"}],"curies":[{"name":"wp","href":"https:\/\/api.w.org\/{rel}","templated":true}]}}