{"id":169092,"date":"2020-09-17T17:48:53","date_gmt":"2020-09-17T20:48:53","guid":{"rendered":"https:\/\/diarioregionaldigital.com.br\/?p=169092"},"modified":"2020-09-17T17:48:53","modified_gmt":"2020-09-17T20:48:53","slug":"minas-consciente-ja-conta-com-adesao-de-75-dos-municipios-mineiros","status":"publish","type":"post","link":"https:\/\/diarioregionaldigital.com.br\/?p=169092","title":{"rendered":"Minas Consciente j\u00e1 conta com ades\u00e3o de 75% dos munic\u00edpios mineiros"},"content":{"rendered":"<p>Durante coletiva virtual desta quinta-feira (17\/9), o secret\u00e1rio de Estado de\u00a0<a href=\"https:\/\/www.saude.mg.gov.br\/\" target=\"_blank\" rel=\"noopener noreferrer\">Sa\u00fade<\/a>, Carlos Eduardo Amaral, e o subsecret\u00e1rio de Desenvolvimento Regional da\u00a0<a href=\"http:\/\/www.desenvolvimento.mg.gov.br\/\" target=\"_blank\" rel=\"noopener noreferrer\">Secretaria de Desenvolvimento Econ\u00f4mico (Sede)<\/a>, Douglas Cabido, falaram sobre o desempenho apresentado pelo Minas Consciente. At\u00e9 o momento, 636 munic\u00edpios j\u00e1 aderiram ao plano. O n\u00famero corresponde a 75% das cidades mineiras.<\/p>\n<p>\u201cNesta semana n\u00e3o tivemos retrocesso de ondas em nenhuma regi\u00e3o do estado. Isso mostra que a flexibiliza\u00e7\u00e3o vem tendo um bom ritmo e que os indicadores de Sa\u00fade v\u00eam permitindo a retomada das atividades econ\u00f4micas de forma segura\u201d, pontuou Cabido.<\/p>\n<p>Carlos Eduardo Amaral destacou que um dos objetivos do plano sempre foi colaborar para a manuten\u00e7\u00e3o da capacidade assistencial no estado e tamb\u00e9m possibilitar uma previs\u00e3o do momento em que a rede pudesse apresentar uma alta mais expressiva na ocupa\u00e7\u00e3o de leitos. \u201cTodos os nossos indicadores nos auxiliam a identificar se a tend\u00eancia \u00e9 de piora do quadro ou de desocupa\u00e7\u00e3o, com melhorias na capacidade assistencial\u201d, explicou o secret\u00e1rio.<\/p>\n<p>O plano conta com tr\u00eas grandes grupos de indicadores: a incid\u00eancia, que mostra como a doen\u00e7a est\u00e1 hoje, a capacidade de atendimento, que sinaliza como est\u00e3o os dados dos hospitais, e a velocidade de avan\u00e7o da doen\u00e7a, que permite \u00e0s equipes t\u00e9cnicas entenderem se a covid-19 est\u00e1 em progress\u00e3o ou em regress\u00e3o.<\/p>\n<p>Carlos Eduardo Amaral refor\u00e7ou que, caso haja uma piora nos \u00edndices avaliados, a secretaria vai sinalizar a necessidade de regress\u00e3o nas ondas do plano, para que cada regi\u00e3o seja orientada quanto ao caminho mais indicado a seguir.<\/p>\n<p><strong>Fonte:<\/strong> Ag\u00eancia Minas<\/p>\n","protected":false},"excerpt":{"rendered":"<p>Durante coletiva virtual desta quinta-feira (17\/9), o secret\u00e1rio de Estado de\u00a0Sa\u00fade, Carlos Eduardo Amaral, e o subsecret\u00e1rio de Desenvolvimento Regional da\u00a0Secretaria de Desenvolvimento Econ\u00f4mico (Sede), Douglas Cabido, falaram sobre o desempenho apresentado pelo Minas Consciente. At\u00e9 o momento, 636 munic\u00edpios j\u00e1 aderiram ao plano. O n\u00famero corresponde a 75% das cidades mineiras. \u201cNesta semana n\u00e3o [&hellip;]<\/p>\n","protected":false},"author":96,"featured_media":168178,"comment_status":"closed","ping_status":"closed","sticky":false,"template":"","format":"standard","meta":{"footnotes":""},"categories":[436,254,439],"tags":[],"class_list":["post-169092","post","type-post","status-publish","format-standard","has-post-thumbnail","hentry","category-destaque-da-semana","category-politica","category-ultima-hora"],"_links":{"self":[{"href":"https:\/\/diarioregionaldigital.com.br\/index.php?rest_route=\/wp\/v2\/posts\/169092","targetHints":{"allow":["GET"]}}],"collection":[{"href":"https:\/\/diarioregionaldigital.com.br\/index.php?rest_route=\/wp\/v2\/posts"}],"about":[{"href":"https:\/\/diarioregionaldigital.com.br\/index.php?rest_route=\/wp\/v2\/types\/post"}],"author":[{"embeddable":true,"href":"https:\/\/diarioregionaldigital.com.br\/index.php?rest_route=\/wp\/v2\/users\/96"}],"replies":[{"embeddable":true,"href":"https:\/\/diarioregionaldigital.com.br\/index.php?rest_route=%2Fwp%2Fv2%2Fcomments&post=169092"}],"version-history":[{"count":0,"href":"https:\/\/diarioregionaldigital.com.br\/index.php?rest_route=\/wp\/v2\/posts\/169092\/revisions"}],"wp:featuredmedia":[{"embeddable":true,"href":"https:\/\/diarioregionaldigital.com.br\/index.php?rest_route=\/wp\/v2\/media\/168178"}],"wp:attachment":[{"href":"https:\/\/diarioregionaldigital.com.br\/index.php?rest_route=%2Fwp%2Fv2%2Fmedia&parent=169092"}],"wp:term":[{"taxonomy":"category","embeddable":true,"href":"https:\/\/diarioregionaldigital.com.br\/index.php?rest_route=%2Fwp%2Fv2%2Fcategories&post=169092"},{"taxonomy":"post_tag","embeddable":true,"href":"https:\/\/diarioregionaldigital.com.br\/index.php?rest_route=%2Fwp%2Fv2%2Ftags&post=169092"}],"curies":[{"name":"wp","href":"https:\/\/api.w.org\/{rel}","templated":true}]}}