{"id":168991,"date":"2020-09-16T17:15:19","date_gmt":"2020-09-16T20:15:19","guid":{"rendered":"https:\/\/diarioregionaldigital.com.br\/?p=168991"},"modified":"2020-09-16T17:15:19","modified_gmt":"2020-09-16T20:15:19","slug":"ampliacao-de-leitos-garantiu-assistencia-hospitalar-a-pacientes-com-covid-19","status":"publish","type":"post","link":"https:\/\/diarioregionaldigital.com.br\/?p=168991","title":{"rendered":"Amplia\u00e7\u00e3o de leitos garantiu assist\u00eancia hospitalar a pacientes com covid-19"},"content":{"rendered":"<p>Desde o in\u00edcio da pandemia de covid-19 em Minas Gerais, o Estado realiza estudos para ampliar o atendimento \u00e0 popula\u00e7\u00e3o. Sobre esse tema, o secret\u00e1rio de\u00a0<a href=\"https:\/\/www.saude.mg.gov.br\/\" target=\"_blank\" rel=\"noopener noreferrer\">Sa\u00fade<\/a>\u00a0Carlos Eduardo Amaral destacou o trabalho desenvolvido at\u00e9 o momento para aumentar o quantitativo de leitos e garantir assist\u00eancia adequada aos mineiros.<\/p>\n<p>\u201cA amplia\u00e7\u00e3o de leitos realizada no estado foi muito significativa. Inicialmente,\u00a0eram 2.072 leitos de UTI\u00a0&#8211;\u00a0e conseguimos passar de 3,9 mil. O objetivo foi evitar a desassist\u00eancia \u00e0s pessoas que, por ventura, pegassem covid-19\u201d, explicou o secret\u00e1rio.<\/p>\n<p>Carlos Eduardo Amaral pontuou ainda que,\u00a0mesmo no momento\u00a0mais delicado, a maior demanda por leitos em Minas foi de 2.766 unidades. \u201cOu seja, at\u00e9 o momento conseguimos dar assist\u00eancia a todos que precisaram de tratamento para a doen\u00e7a\u201d, afirmou.<\/p>\n<p><strong>Longo prazo<\/strong><\/p>\n<p>Al\u00e9m de ampliar o n\u00famero de leitos para atender a uma poss\u00edvel demanda moment\u00e2nea, o\u00a0<a href=\"https:\/\/www.mg.gov.br\/\" target=\"_blank\" rel=\"noopener noreferrer\">Governo de Minas<\/a>\u00a0tamb\u00e9m buscou melhorar a estrutura de Sa\u00fade do estado em longo prazo.<\/p>\n<p>\u201cN\u00e3o \u00e9 poss\u00edvel saber at\u00e9 quando estaremos convivendo com a pandemia e gostar\u00edamos tamb\u00e9m de ter um legado, como leitos de terapia intensiva que se mantivessem ao longo do tempo, possibilitando um atendimento melhor \u00e0 popula\u00e7\u00e3o no futuro\u201d, destacou Carlos Eduardo Amaral.<\/p>\n<p><strong>Plano de conting\u00eancia\u00a0<\/strong><\/p>\n<p>A defini\u00e7\u00e3o das institui\u00e7\u00f5es que receberam os novos leitos foi feita a partir do Plano de Conting\u00eancia Estadual, que\u00a0deu prefer\u00eancia\u00a0aos hospitais que j\u00e1 existiam. Em um segundo momento, cada macrorregi\u00e3o de Sa\u00fade definiu quais seriam os locais com as condi\u00e7\u00f5es necess\u00e1rias para abrir novos leitos.<\/p>\n<p>\u201cTodo esse trabalho deixa um legado para a sociedade quando a pandemia passar. A estrutura disponibilizada, aparelhada e apta ao funcionamento vai servir ao SUS n\u00e3o apenas no contexto da covid-19, mas tamb\u00e9m para melhorar de maneira geral as condi\u00e7\u00f5es de Sa\u00fade em Minas\u201d, ressaltou o secret\u00e1rio.<\/p>\n<p><strong>Fonte:\u00a0<\/strong>Ag\u00eancia Minas<\/p>\n","protected":false},"excerpt":{"rendered":"<p>Desde o in\u00edcio da pandemia de covid-19 em Minas Gerais, o Estado realiza estudos para ampliar o atendimento \u00e0 popula\u00e7\u00e3o. Sobre esse tema, o secret\u00e1rio de\u00a0Sa\u00fade\u00a0Carlos Eduardo Amaral destacou o trabalho desenvolvido at\u00e9 o momento para aumentar o quantitativo de leitos e garantir assist\u00eancia adequada aos mineiros. \u201cA amplia\u00e7\u00e3o de leitos realizada no estado foi [&hellip;]<\/p>\n","protected":false},"author":96,"featured_media":161011,"comment_status":"closed","ping_status":"closed","sticky":false,"template":"","format":"standard","meta":{"footnotes":""},"categories":[436,252,439],"tags":[],"class_list":["post-168991","post","type-post","status-publish","format-standard","has-post-thumbnail","hentry","category-destaque-da-semana","category-regiao","category-ultima-hora"],"_links":{"self":[{"href":"https:\/\/diarioregionaldigital.com.br\/index.php?rest_route=\/wp\/v2\/posts\/168991","targetHints":{"allow":["GET"]}}],"collection":[{"href":"https:\/\/diarioregionaldigital.com.br\/index.php?rest_route=\/wp\/v2\/posts"}],"about":[{"href":"https:\/\/diarioregionaldigital.com.br\/index.php?rest_route=\/wp\/v2\/types\/post"}],"author":[{"embeddable":true,"href":"https:\/\/diarioregionaldigital.com.br\/index.php?rest_route=\/wp\/v2\/users\/96"}],"replies":[{"embeddable":true,"href":"https:\/\/diarioregionaldigital.com.br\/index.php?rest_route=%2Fwp%2Fv2%2Fcomments&post=168991"}],"version-history":[{"count":0,"href":"https:\/\/diarioregionaldigital.com.br\/index.php?rest_route=\/wp\/v2\/posts\/168991\/revisions"}],"wp:featuredmedia":[{"embeddable":true,"href":"https:\/\/diarioregionaldigital.com.br\/index.php?rest_route=\/wp\/v2\/media\/161011"}],"wp:attachment":[{"href":"https:\/\/diarioregionaldigital.com.br\/index.php?rest_route=%2Fwp%2Fv2%2Fmedia&parent=168991"}],"wp:term":[{"taxonomy":"category","embeddable":true,"href":"https:\/\/diarioregionaldigital.com.br\/index.php?rest_route=%2Fwp%2Fv2%2Fcategories&post=168991"},{"taxonomy":"post_tag","embeddable":true,"href":"https:\/\/diarioregionaldigital.com.br\/index.php?rest_route=%2Fwp%2Fv2%2Ftags&post=168991"}],"curies":[{"name":"wp","href":"https:\/\/api.w.org\/{rel}","templated":true}]}}