{"id":168988,"date":"2020-09-16T16:10:21","date_gmt":"2020-09-16T19:10:21","guid":{"rendered":"https:\/\/diarioregionaldigital.com.br\/?p=168988"},"modified":"2020-09-16T16:10:21","modified_gmt":"2020-09-16T19:10:21","slug":"cesama-orienta-sobre-uso-racional-de-agua-no-calor-e-baixa-umidade-do-ar","status":"publish","type":"post","link":"https:\/\/diarioregionaldigital.com.br\/?p=168988","title":{"rendered":"Cesama orienta sobre uso racional de \u00e1gua no calor e baixa umidade do ar"},"content":{"rendered":"<p><span style=\"font-weight: 400;\">As altas temperaturas registradas em Juiz de Fora nos \u00faltimos dias, aliadas \u00e0 baixa umidade relativa do ar, levaram ao aumento no consumo de \u00e1gua. A Companhia de Saneamento Municipal (Cesama) est\u00e1 monitorando a situa\u00e7\u00e3o e orienta a popula\u00e7\u00e3o para que economize \u00e1gua durante esta onda de calor, at\u00edpica para este per\u00edodo do ano. Segundo o Instituto Brasileiro de Meteorologia (Inmet), a previs\u00e3o \u00e9 de que o tempo quente e seco continue at\u00e9 o final do m\u00eas na cidade, com temperaturas variando entre 15 e 35 graus nesta semana.<\/span><\/p>\n<p><span style=\"font-weight: 400;\">O diretor t\u00e9cnico-operacional da Cesama, M\u00e1rcio Pessoa, alertou para o fato de a Represa de S\u00e3o Pedro, respons\u00e1vel pelo abastecimento de toda a cidade Alta, ter ca\u00eddo de 88,1 para 83,1% da sua capacidade, entre os dias 11 e 16: \u201cEmbora ela esteja operando com n\u00edveis superiores aos de 2019, \u00e9 importante lembrar que se trata de manancial com capacidade de reserva\u00e7\u00e3o menor. A Represa de S\u00e3o Pedro oscila rapidamente, de acordo com as condi\u00e7\u00f5es clim\u00e1ticas, tanto em \u00e9pocas de estiagem como durante o per\u00edodo chuvoso, que deve chegar a Juiz de Fora somente na segunda quinzena de outubro\u201d.<\/span><\/p>\n<p><span style=\"font-weight: 400;\">O diretor lembrou ainda que o aparecimento dessa massa de ar quente e seco em pleno inverno j\u00e1 afeta diversas cidades, principalmente S\u00e3o Paulo, que, no \u00faltimo s\u00e1bado, 12, registrou a tarde mais quente do ano, com 34,1 graus: \u201cAs sete maiores represas da capital paulista apresentam queda di\u00e1ria em sua capacidade de armazenamento h\u00e1 mais de um m\u00eas. \u00c9 preciso usar casos como esse como alerta e solicitar \u00e0 popula\u00e7\u00e3o que repense seus h\u00e1bitos de consumo e pratique o uso racional da \u00e1gua. Em momento como esse, a preven\u00e7\u00e3o \u00e9 fundamental, para preservar nossos mananciais e evitar cen\u00e1rio mais dr\u00e1stico, como ocorreu com a crise h\u00eddrica de 2015\u201d.<\/span><\/p>\n<p><b>Cesama investe em obras para refor\u00e7ar o abastecimento<\/b><span style=\"font-weight: 400;\">:<\/span><\/p>\n<p><span style=\"font-weight: 400;\">At\u00e9 dezembro, a Cesama deve finalizar o conjunto de obras da Subadutora de S\u00e3o Pedro, que refor\u00e7ar\u00e1 o abastecimento nas regi\u00f5es mais elevadas do Munic\u00edpio, sobretudo na Cidade Alta. Or\u00e7ada em R$ 16 milh\u00f5es, a obra reduzir\u00e1 tamb\u00e9m a depend\u00eancia da regi\u00e3o para com a Represa de S\u00e3o Pedro, dando mais flexibilidade ao sistema local. A iniciativa inclui ainda uma esta\u00e7\u00e3o elevat\u00f3ria no Bairro Carlos Chagas e novo reservat\u00f3rio de cinco milh\u00f5es de litros no Bairro Cai\u00e7aras, ambos em fase final de execu\u00e7\u00e3o.<\/span><\/p>\n<p><span style=\"font-weight: 400;\">Investimento de cerca de R$ 5,2 milh\u00f5es, o novo reservat\u00f3rio de \u00e1gua do Bairro Santa Terezinha deve entrar em opera\u00e7\u00e3o ainda em setembro. A unidade integra o complexo do Reservat\u00f3rio \u201cHenrique de Novaes\u201d, e ter\u00e1 capacidade de quatro milh\u00f5es de litros, ampliando assim o sistema de reserva de toda a cidade.<\/span><\/p>\n<p><span style=\"font-weight: 400;\">Al\u00e9m disso, a Cesama finaliza a implanta\u00e7\u00e3o de tr\u00eas novos reservat\u00f3rios na Rua Jacobina Ant\u00f4nio Scoralick, na parte alta do Bairro Bairu. Juntas, as unidades ter\u00e3o capacidade de armazenar at\u00e9 1,4 milh\u00e3o de litros. Or\u00e7ada em mais de R$ 1,5 milh\u00e3o, a obra tem como objetivo ampliar a capacidade de acumula\u00e7\u00e3o do sistema nos bairros Bandeirantes, Bom Clima, Quintas da Avenida, Nossa Senhora das Gra\u00e7as, Eldorado, Bairu, Progresso, Marumbi e Santa Paula.<\/span><\/p>\n<p><b>Pratique o uso racional da \u00e1gua atrav\u00e9s de atitudes simples:<\/b><\/p>\n<p><b>Torneiras<\/b><\/p>\n<p><span style=\"font-weight: 400;\">. Deve estar fechada ao ensaboar as m\u00e3os, escovar os dentes e fazer a barba. S\u00f3 abra quando for realmente utilizar a \u00e1gua;<\/span><\/p>\n<p><span style=\"font-weight: 400;\">. Fa\u00e7a o mesmo ao lavar roupas e lou\u00e7as: torneira aberta, s\u00f3 na hora de enxaguar;<\/span><\/p>\n<p><span style=\"font-weight: 400;\">. Confira se a torneira est\u00e1 totalmente fechada. Um filete de 1mm desperdi\u00e7a, em m\u00e9dia, 1.280 litros de \u00e1gua por dia;<\/span><\/p>\n<p><b>Banheiros<\/b><\/p>\n<p><span style=\"font-weight: 400;\">. N\u00e3o abuse da descarga. Ela pode consumir at\u00e9 40% da \u00e1gua usada em toda a casa;<\/span><\/p>\n<p><span style=\"font-weight: 400;\">. Regule periodicamente a v\u00e1lvula da descarga;<\/span><\/p>\n<p><span style=\"font-weight: 400;\">. N\u00e3o jogue papel, absorvente higi\u00eanico, fraldas descart\u00e1veis, cotonetes, preservativos ou pontas de cigarro dentro do vaso sanit\u00e1rio, pois podem causar entupimentos;<\/span><\/p>\n<p><span style=\"font-weight: 400;\">. Diminua o fluxo de \u00e1gua do chuveiro. Quando estiver se ensaboando, mantenha-o fechado.<\/span><\/p>\n<p><b>\u00c1reas externas<\/b><\/p>\n<p><span style=\"font-weight: 400;\">. Prefira sempre o balde \u00e0 mangueira para lavar o carro, por exemplo. \u00c9 mais econ\u00f4mico;<\/span><\/p>\n<p><span style=\"font-weight: 400;\">. Se precisar usar a mangueira, use esguicho (tipo bico). Com ele, o fluxo de \u00e1gua \u00e9 interrompido sempre que voc\u00ea n\u00e3o estiver utilizando;<\/span><\/p>\n<p><span style=\"font-weight: 400;\">. N\u00e3o use o jato d`\u00e1gua para \u201cvarrer\u201d o ch\u00e3o. Prefira a vassoura. Aproveite \u00e1gua da m\u00e1quina de lavar, para limpar passeios, terreiros e p\u00e1tios;<\/span><\/p>\n<p><span style=\"font-weight: 400;\">. Evite lavar carros, garagens e cal\u00e7adas, bem como regar jardins, v\u00e1rias vezes por semana.<\/span><\/p>\n<p><b>Equipamentos<\/b><\/p>\n<p><span style=\"font-weight: 400;\">. Cuidado com o hidr\u00f4metro. Se suspeitar de vazamentos no aparelho, ligue para o Cesama Atende \u2013 115;<\/span><\/p>\n<p><span style=\"font-weight: 400;\">. Caso suspeite de vazamentos internos, contrate um t\u00e9cnico para os trabalhos de vistoria;<\/span><\/p>\n<p><span style=\"font-weight: 400;\">. Cheque sempre o funcionamento da boia instalada na caixa d`\u00e1gua.<\/span><\/p>\n<p><strong>Fonte:<\/strong> Assessoria<\/p>\n","protected":false},"excerpt":{"rendered":"<p>As altas temperaturas registradas em Juiz de Fora nos \u00faltimos dias, aliadas \u00e0 baixa umidade relativa do ar, levaram ao aumento no consumo de \u00e1gua. A Companhia de Saneamento Municipal (Cesama) est\u00e1 monitorando a situa\u00e7\u00e3o e orienta a popula\u00e7\u00e3o para que economize \u00e1gua durante esta onda de calor, at\u00edpica para este per\u00edodo do ano. Segundo [&hellip;]<\/p>\n","protected":false},"author":96,"featured_media":168989,"comment_status":"closed","ping_status":"closed","sticky":false,"template":"","format":"standard","meta":{"footnotes":""},"categories":[253,436,439],"tags":[],"class_list":["post-168988","post","type-post","status-publish","format-standard","has-post-thumbnail","hentry","category-cidade","category-destaque-da-semana","category-ultima-hora"],"_links":{"self":[{"href":"https:\/\/diarioregionaldigital.com.br\/index.php?rest_route=\/wp\/v2\/posts\/168988","targetHints":{"allow":["GET"]}}],"collection":[{"href":"https:\/\/diarioregionaldigital.com.br\/index.php?rest_route=\/wp\/v2\/posts"}],"about":[{"href":"https:\/\/diarioregionaldigital.com.br\/index.php?rest_route=\/wp\/v2\/types\/post"}],"author":[{"embeddable":true,"href":"https:\/\/diarioregionaldigital.com.br\/index.php?rest_route=\/wp\/v2\/users\/96"}],"replies":[{"embeddable":true,"href":"https:\/\/diarioregionaldigital.com.br\/index.php?rest_route=%2Fwp%2Fv2%2Fcomments&post=168988"}],"version-history":[{"count":0,"href":"https:\/\/diarioregionaldigital.com.br\/index.php?rest_route=\/wp\/v2\/posts\/168988\/revisions"}],"wp:featuredmedia":[{"embeddable":true,"href":"https:\/\/diarioregionaldigital.com.br\/index.php?rest_route=\/wp\/v2\/media\/168989"}],"wp:attachment":[{"href":"https:\/\/diarioregionaldigital.com.br\/index.php?rest_route=%2Fwp%2Fv2%2Fmedia&parent=168988"}],"wp:term":[{"taxonomy":"category","embeddable":true,"href":"https:\/\/diarioregionaldigital.com.br\/index.php?rest_route=%2Fwp%2Fv2%2Fcategories&post=168988"},{"taxonomy":"post_tag","embeddable":true,"href":"https:\/\/diarioregionaldigital.com.br\/index.php?rest_route=%2Fwp%2Fv2%2Ftags&post=168988"}],"curies":[{"name":"wp","href":"https:\/\/api.w.org\/{rel}","templated":true}]}}