{"id":168949,"date":"2020-09-16T06:00:00","date_gmt":"2020-09-16T09:00:00","guid":{"rendered":"https:\/\/diarioregionaldigital.com.br\/?p=168949"},"modified":"2020-09-16T01:00:11","modified_gmt":"2020-09-16T04:00:11","slug":"para-ficar-antenado","status":"publish","type":"post","link":"https:\/\/diarioregionaldigital.com.br\/?p=168949","title":{"rendered":"Para Ficar Antenado"},"content":{"rendered":"<p style=\"text-align: center;\"><strong>Que Seja Doce<\/strong><\/p>\n<p style=\"text-align: center;\">Os bolos e doces finos feitos por Rose Tortoriello se parecem obras de arte. Todos os doces e os chocolates derretem na boca e este colunista define que t\u00eam um clima de sobremesa de festa. Tudo divino&#8230; tudo maravilhosos. Encomendas: 988325595.<\/p>\n<p style=\"text-align: center;\"><strong>Gente Boa<\/strong><\/p>\n<p style=\"text-align: center;\">Super carism\u00e1tico, o medico-cardiologista Luiz Ant\u00f4nio Avelar \u00e9 o novo presidente da Sociedade de Medicina Cirurgia de Juiz de Fora, tendo como vice a m\u00e9dica endocrinologista Ros\u00e2ngela Maria de Almeida. A elei\u00e7\u00e3o ocorreu em assembleia on-line e a posse ser\u00e1 em outubro.<\/p>\n<p style=\"text-align: center;\"><span style=\"font-size: 14pt;\"><strong>Para Ficar Antenado<\/strong><\/span><\/p>\n<p style=\"text-align: center;\">Tem pessoas que t\u00eam horror a qualquer tipo de informa\u00e7\u00e3o, porque quem \u00e9 informado se forma, portanto se educa. Pensando bem, j\u00e1 existem esses bons guardi\u00f5es, em sua miss\u00e3o dura e perigosa, que tentam que todos os andares se pare\u00e7am \u2013 s\u00f3 que numa vers\u00e3o melhor. \u00c9 a imprensa.<\/p>\n<div id=\"attachment_168923\" style=\"width: 690px\" class=\"wp-caption aligncenter\"><img loading=\"lazy\" decoding=\"async\" aria-describedby=\"caption-attachment-168923\" class=\"wp-image-168923\" src=\"https:\/\/diarioregionaldigital.com.br\/wp-content\/uploads\/2020\/09\/fotoa-9-e1600228194748.jpg\" alt=\"\" width=\"680\" height=\"505\" srcset=\"https:\/\/diarioregionaldigital.com.br\/wp-content\/uploads\/2020\/09\/fotoa-9-e1600228194748.jpg 1024w, https:\/\/diarioregionaldigital.com.br\/wp-content\/uploads\/2020\/09\/fotoa-9-e1600228194748-300x223.jpg 300w, https:\/\/diarioregionaldigital.com.br\/wp-content\/uploads\/2020\/09\/fotoa-9-e1600228194748-768x571.jpg 768w, https:\/\/diarioregionaldigital.com.br\/wp-content\/uploads\/2020\/09\/fotoa-9-e1600228194748-360x268.jpg 360w\" sizes=\"auto, (max-width: 680px) 100vw, 680px\" \/><p id=\"caption-attachment-168923\" class=\"wp-caption-text\">A bonita e elegante advogada Jane Gouv\u00eaa Sotto Maior abre a temporada primavera-ver\u00e3o desta coluna social on-line<\/p><\/div>\n<div id=\"attachment_168926\" style=\"width: 690px\" class=\"wp-caption aligncenter\"><img loading=\"lazy\" decoding=\"async\" aria-describedby=\"caption-attachment-168926\" class=\"wp-image-168926\" src=\"https:\/\/diarioregionaldigital.com.br\/wp-content\/uploads\/2020\/09\/fotob-2-e1600228231389.jpeg\" alt=\"\" width=\"680\" height=\"491\" srcset=\"https:\/\/diarioregionaldigital.com.br\/wp-content\/uploads\/2020\/09\/fotob-2-e1600228231389.jpeg 947w, https:\/\/diarioregionaldigital.com.br\/wp-content\/uploads\/2020\/09\/fotob-2-e1600228231389-300x217.jpeg 300w, https:\/\/diarioregionaldigital.com.br\/wp-content\/uploads\/2020\/09\/fotob-2-e1600228231389-768x555.jpeg 768w, https:\/\/diarioregionaldigital.com.br\/wp-content\/uploads\/2020\/09\/fotob-2-e1600228231389-360x260.jpeg 360w\" sizes=\"auto, (max-width: 680px) 100vw, 680px\" \/><p id=\"caption-attachment-168926\" class=\"wp-caption-text\">A diva Sandra Portella recebendo o Trof\u00e9u Di\u00e1rio Regional \u2013 RCWTV como melhor cantora de 2020 das m\u00e3os de Eduardo Gomes<\/p><\/div>\n<div id=\"attachment_168927\" style=\"width: 690px\" class=\"wp-caption aligncenter\"><img loading=\"lazy\" decoding=\"async\" aria-describedby=\"caption-attachment-168927\" class=\"wp-image-168927\" src=\"https:\/\/diarioregionaldigital.com.br\/wp-content\/uploads\/2020\/09\/fotoc-2-e1600228263165.jpeg\" alt=\"\" width=\"680\" height=\"530\" srcset=\"https:\/\/diarioregionaldigital.com.br\/wp-content\/uploads\/2020\/09\/fotoc-2-e1600228263165.jpeg 539w, https:\/\/diarioregionaldigital.com.br\/wp-content\/uploads\/2020\/09\/fotoc-2-e1600228263165-300x234.jpeg 300w, https:\/\/diarioregionaldigital.com.br\/wp-content\/uploads\/2020\/09\/fotoc-2-e1600228263165-360x281.jpeg 360w\" sizes=\"auto, (max-width: 680px) 100vw, 680px\" \/><p id=\"caption-attachment-168927\" class=\"wp-caption-text\">Eduardo Gomes entrega a Ravell o Trof\u00e9u Di\u00e1rio Regional \u2013 RCWTV 2020 como a rainha dos musicais<\/p><\/div>\n<div id=\"attachment_168928\" style=\"width: 690px\" class=\"wp-caption aligncenter\"><img loading=\"lazy\" decoding=\"async\" aria-describedby=\"caption-attachment-168928\" class=\"wp-image-168928\" src=\"https:\/\/diarioregionaldigital.com.br\/wp-content\/uploads\/2020\/09\/fotod-6-e1600228301199.jpg\" alt=\"\" width=\"680\" height=\"483\" srcset=\"https:\/\/diarioregionaldigital.com.br\/wp-content\/uploads\/2020\/09\/fotod-6-e1600228301199.jpg 1830w, https:\/\/diarioregionaldigital.com.br\/wp-content\/uploads\/2020\/09\/fotod-6-e1600228301199-300x213.jpg 300w, https:\/\/diarioregionaldigital.com.br\/wp-content\/uploads\/2020\/09\/fotod-6-e1600228301199-1024x728.jpg 1024w, https:\/\/diarioregionaldigital.com.br\/wp-content\/uploads\/2020\/09\/fotod-6-e1600228301199-768x546.jpg 768w, https:\/\/diarioregionaldigital.com.br\/wp-content\/uploads\/2020\/09\/fotod-6-e1600228301199-1536x1092.jpg 1536w, https:\/\/diarioregionaldigital.com.br\/wp-content\/uploads\/2020\/09\/fotod-6-e1600228301199-360x256.jpg 360w, https:\/\/diarioregionaldigital.com.br\/wp-content\/uploads\/2020\/09\/fotod-6-e1600228301199-100x70.jpg 100w\" sizes=\"auto, (max-width: 680px) 100vw, 680px\" \/><p id=\"caption-attachment-168928\" class=\"wp-caption-text\">Formando lindo casal, Renata Falc\u00e3o e o cantor das multid\u00f5es Bruno Falc\u00e3o<\/p><\/div>\n<div id=\"attachment_168929\" style=\"width: 690px\" class=\"wp-caption aligncenter\"><img loading=\"lazy\" decoding=\"async\" aria-describedby=\"caption-attachment-168929\" class=\"wp-image-168929\" src=\"https:\/\/diarioregionaldigital.com.br\/wp-content\/uploads\/2020\/09\/fotoe-9-e1600228417481.jpg\" alt=\"\" width=\"680\" height=\"785\" srcset=\"https:\/\/diarioregionaldigital.com.br\/wp-content\/uploads\/2020\/09\/fotoe-9-e1600228417481.jpg 1530w, https:\/\/diarioregionaldigital.com.br\/wp-content\/uploads\/2020\/09\/fotoe-9-e1600228417481-260x300.jpg 260w, https:\/\/diarioregionaldigital.com.br\/wp-content\/uploads\/2020\/09\/fotoe-9-e1600228417481-887x1024.jpg 887w, https:\/\/diarioregionaldigital.com.br\/wp-content\/uploads\/2020\/09\/fotoe-9-e1600228417481-768x886.jpg 768w, https:\/\/diarioregionaldigital.com.br\/wp-content\/uploads\/2020\/09\/fotoe-9-e1600228417481-1331x1536.jpg 1331w, https:\/\/diarioregionaldigital.com.br\/wp-content\/uploads\/2020\/09\/fotoe-9-e1600228417481-360x416.jpg 360w\" sizes=\"auto, (max-width: 680px) 100vw, 680px\" \/><p id=\"caption-attachment-168929\" class=\"wp-caption-text\">As rainhas do r\u00e1dio em Lisboa: Rosana Brito e Isabella Ladeira<\/p><\/div>\n<div id=\"attachment_168931\" style=\"width: 690px\" class=\"wp-caption aligncenter\"><img loading=\"lazy\" decoding=\"async\" aria-describedby=\"caption-attachment-168931\" class=\"wp-image-168931\" src=\"https:\/\/diarioregionaldigital.com.br\/wp-content\/uploads\/2020\/09\/fotof-8-e1600228497641.jpg\" alt=\"\" width=\"680\" height=\"583\" srcset=\"https:\/\/diarioregionaldigital.com.br\/wp-content\/uploads\/2020\/09\/fotof-8-e1600228497641.jpg 1152w, https:\/\/diarioregionaldigital.com.br\/wp-content\/uploads\/2020\/09\/fotof-8-e1600228497641-300x257.jpg 300w, https:\/\/diarioregionaldigital.com.br\/wp-content\/uploads\/2020\/09\/fotof-8-e1600228497641-1024x878.jpg 1024w, https:\/\/diarioregionaldigital.com.br\/wp-content\/uploads\/2020\/09\/fotof-8-e1600228497641-768x659.jpg 768w, https:\/\/diarioregionaldigital.com.br\/wp-content\/uploads\/2020\/09\/fotof-8-e1600228497641-360x309.jpg 360w\" sizes=\"auto, (max-width: 680px) 100vw, 680px\" \/><p id=\"caption-attachment-168931\" class=\"wp-caption-text\">Curtindo a natureza, a bonita Elaine Cruz<\/p><\/div>\n<div id=\"attachment_168933\" style=\"width: 690px\" class=\"wp-caption aligncenter\"><img loading=\"lazy\" decoding=\"async\" aria-describedby=\"caption-attachment-168933\" class=\"wp-image-168933\" src=\"https:\/\/diarioregionaldigital.com.br\/wp-content\/uploads\/2020\/09\/fotog-9-e1600228539866.jpg\" alt=\"\" width=\"680\" height=\"499\" srcset=\"https:\/\/diarioregionaldigital.com.br\/wp-content\/uploads\/2020\/09\/fotog-9-e1600228539866.jpg 707w, https:\/\/diarioregionaldigital.com.br\/wp-content\/uploads\/2020\/09\/fotog-9-e1600228539866-300x220.jpg 300w, https:\/\/diarioregionaldigital.com.br\/wp-content\/uploads\/2020\/09\/fotog-9-e1600228539866-360x264.jpg 360w\" sizes=\"auto, (max-width: 680px) 100vw, 680px\" \/><p id=\"caption-attachment-168933\" class=\"wp-caption-text\">O simples assim do jornalista Talison Vardiero<\/p><\/div>\n<div id=\"attachment_168936\" style=\"width: 690px\" class=\"wp-caption aligncenter\"><img loading=\"lazy\" decoding=\"async\" aria-describedby=\"caption-attachment-168936\" class=\"wp-image-168936\" src=\"https:\/\/diarioregionaldigital.com.br\/wp-content\/uploads\/2020\/09\/fotoi-6-e1600228594564.jpg\" alt=\"\" width=\"680\" height=\"496\" srcset=\"https:\/\/diarioregionaldigital.com.br\/wp-content\/uploads\/2020\/09\/fotoi-6-e1600228594564.jpg 1396w, https:\/\/diarioregionaldigital.com.br\/wp-content\/uploads\/2020\/09\/fotoi-6-e1600228594564-300x219.jpg 300w, https:\/\/diarioregionaldigital.com.br\/wp-content\/uploads\/2020\/09\/fotoi-6-e1600228594564-1024x747.jpg 1024w, https:\/\/diarioregionaldigital.com.br\/wp-content\/uploads\/2020\/09\/fotoi-6-e1600228594564-768x560.jpg 768w, https:\/\/diarioregionaldigital.com.br\/wp-content\/uploads\/2020\/09\/fotoi-6-e1600228594564-360x263.jpg 360w\" sizes=\"auto, (max-width: 680px) 100vw, 680px\" \/><p id=\"caption-attachment-168936\" class=\"wp-caption-text\">Em S\u00e3o Paulo, os amigos Fl\u00e1via Halfeld e o rep\u00f3rter global Cesar Menezes<\/p><\/div>\n<div id=\"attachment_168934\" style=\"width: 690px\" class=\"wp-caption aligncenter\"><img loading=\"lazy\" decoding=\"async\" aria-describedby=\"caption-attachment-168934\" class=\"wp-image-168934\" src=\"https:\/\/diarioregionaldigital.com.br\/wp-content\/uploads\/2020\/09\/fotoh-8-e1600228567494.jpg\" alt=\"\" width=\"680\" height=\"483\" srcset=\"https:\/\/diarioregionaldigital.com.br\/wp-content\/uploads\/2020\/09\/fotoh-8-e1600228567494.jpg 952w, https:\/\/diarioregionaldigital.com.br\/wp-content\/uploads\/2020\/09\/fotoh-8-e1600228567494-300x213.jpg 300w, https:\/\/diarioregionaldigital.com.br\/wp-content\/uploads\/2020\/09\/fotoh-8-e1600228567494-768x545.jpg 768w, https:\/\/diarioregionaldigital.com.br\/wp-content\/uploads\/2020\/09\/fotoh-8-e1600228567494-360x256.jpg 360w, https:\/\/diarioregionaldigital.com.br\/wp-content\/uploads\/2020\/09\/fotoh-8-e1600228567494-100x70.jpg 100w\" sizes=\"auto, (max-width: 680px) 100vw, 680px\" \/><p id=\"caption-attachment-168934\" class=\"wp-caption-text\">Gente querida em noite luz: S\u00e9rgio Rocha, Lidiane Stambassi, Andrea Pereira e Armando J\u00fanior<\/p><\/div>\n<p style=\"text-align: center;\"><strong>FOTOSS\u00cdNTESE<\/strong><\/p>\n<p>Aten\u00e7\u00e3o: de forma alto astral, todos os homenageados com o Trof\u00e9us Di\u00e1rio Regional \u2013 RCWTV estar\u00e3o sendo prestigiados com fotos com a homenagem nesta coluna social on-line. Na medida do poss\u00edvel com o colunista presente.<\/p>\n<p>Mesa de mulheres chiques pontuava no Le Portuga com Priscilla Infante, Jussara Malaquias, Maria Teresa Assis e J\u00falia Medeiros. Por l\u00e1 tamb\u00e9m conferindo o card\u00e1pio Henrique Allemand, Guilherme Duarte e Gabriel Bastos.<\/p>\n<p>Foi muito proveitosa a 3\u00aa conversa promovida pelo Projeto Encontros Poss\u00edveis da \u201cRevista A3\u201d com os professores Fabiane Rossi e Alexandre de Rezende sobre preven\u00e7\u00e3o ao suic\u00eddio. Foi no YouTube.<\/p>\n<p>Conjugando talento e compet\u00eancia, o professor Edelves Rosa Luna assumiu a dire\u00e7\u00e3o do Col\u00e9gio dos Jesuitas.<\/p>\n<p>Clubes chiques de Juiz de Fora como Bom Pastor e Clube do Papo est\u00e3o em ritmo de reabertura com todos os protocolos de seguran\u00e7a.<\/p>\n<p>Ter\u00e1 in\u00edcio no dia 25 de setembro a Competi\u00e7\u00e3o Eletr\u00f4nica global de Astronomia e Astrof\u00edsica, em formato on-line. O aluno do Apogeu, Jo\u00e3o Pedro Chamhum, vai representar Juiz de Fora. A prova vai substituir a olimp\u00edada Internacional de Astronomia e Astrof\u00edsica.<\/p>\n<p>Segue at\u00e9 dia 18, no YouTube, cursos de vinhos, com direito a certificado de participa\u00e7\u00e3o, promovido pela Evino.<\/p>\n<p>Suavizando: \u201cOs cientistas dizem que somos feitos de \u00e1tomos, mas um passarinho me contou que somos feitos de hist\u00f3rias\u201d. (Eduardo Galeano) Bom dia.<\/p>\n<p><img loading=\"lazy\" decoding=\"async\" class=\"aligncenter size-full wp-image-168946\" src=\"https:\/\/diarioregionaldigital.com.br\/wp-content\/uploads\/2020\/09\/anuncio38-scaled.jpg\" alt=\"\" width=\"2560\" height=\"987\" srcset=\"https:\/\/diarioregionaldigital.com.br\/wp-content\/uploads\/2020\/09\/anuncio38-scaled.jpg 2560w, https:\/\/diarioregionaldigital.com.br\/wp-content\/uploads\/2020\/09\/anuncio38-300x116.jpg 300w, https:\/\/diarioregionaldigital.com.br\/wp-content\/uploads\/2020\/09\/anuncio38-1024x395.jpg 1024w, https:\/\/diarioregionaldigital.com.br\/wp-content\/uploads\/2020\/09\/anuncio38-768x296.jpg 768w, https:\/\/diarioregionaldigital.com.br\/wp-content\/uploads\/2020\/09\/anuncio38-1536x592.jpg 1536w, https:\/\/diarioregionaldigital.com.br\/wp-content\/uploads\/2020\/09\/anuncio38-2048x790.jpg 2048w, https:\/\/diarioregionaldigital.com.br\/wp-content\/uploads\/2020\/09\/anuncio38-360x139.jpg 360w\" sizes=\"auto, (max-width: 2560px) 100vw, 2560px\" \/><\/p>\n","protected":false},"excerpt":{"rendered":"<p>Que Seja Doce Os bolos e doces finos feitos por Rose Tortoriello se parecem obras de arte. Todos os doces e os chocolates derretem na boca e este colunista define que t\u00eam um clima de sobremesa de festa. Tudo divino&#8230; tudo maravilhosos. Encomendas: 988325595. Gente Boa Super carism\u00e1tico, o medico-cardiologista Luiz Ant\u00f4nio Avelar \u00e9 o [&hellip;]<\/p>\n","protected":false},"author":96,"featured_media":168923,"comment_status":"closed","ping_status":"closed","sticky":false,"template":"","format":"standard","meta":{"footnotes":""},"categories":[264],"tags":[],"class_list":["post-168949","post","type-post","status-publish","format-standard","has-post-thumbnail","hentry","category-eduardo-gomes"],"_links":{"self":[{"href":"https:\/\/diarioregionaldigital.com.br\/index.php?rest_route=\/wp\/v2\/posts\/168949","targetHints":{"allow":["GET"]}}],"collection":[{"href":"https:\/\/diarioregionaldigital.com.br\/index.php?rest_route=\/wp\/v2\/posts"}],"about":[{"href":"https:\/\/diarioregionaldigital.com.br\/index.php?rest_route=\/wp\/v2\/types\/post"}],"author":[{"embeddable":true,"href":"https:\/\/diarioregionaldigital.com.br\/index.php?rest_route=\/wp\/v2\/users\/96"}],"replies":[{"embeddable":true,"href":"https:\/\/diarioregionaldigital.com.br\/index.php?rest_route=%2Fwp%2Fv2%2Fcomments&post=168949"}],"version-history":[{"count":0,"href":"https:\/\/diarioregionaldigital.com.br\/index.php?rest_route=\/wp\/v2\/posts\/168949\/revisions"}],"wp:featuredmedia":[{"embeddable":true,"href":"https:\/\/diarioregionaldigital.com.br\/index.php?rest_route=\/wp\/v2\/media\/168923"}],"wp:attachment":[{"href":"https:\/\/diarioregionaldigital.com.br\/index.php?rest_route=%2Fwp%2Fv2%2Fmedia&parent=168949"}],"wp:term":[{"taxonomy":"category","embeddable":true,"href":"https:\/\/diarioregionaldigital.com.br\/index.php?rest_route=%2Fwp%2Fv2%2Fcategories&post=168949"},{"taxonomy":"post_tag","embeddable":true,"href":"https:\/\/diarioregionaldigital.com.br\/index.php?rest_route=%2Fwp%2Fv2%2Ftags&post=168949"}],"curies":[{"name":"wp","href":"https:\/\/api.w.org\/{rel}","templated":true}]}}