{"id":168939,"date":"2020-09-15T20:14:20","date_gmt":"2020-09-15T23:14:20","guid":{"rendered":"https:\/\/diarioregionaldigital.com.br\/?p=168939"},"modified":"2020-09-15T20:14:20","modified_gmt":"2020-09-15T23:14:20","slug":"atribuicao-de-identidade-falsa-por-aplicativo-de-relacionamento","status":"publish","type":"post","link":"https:\/\/diarioregionaldigital.com.br\/?p=168939","title":{"rendered":"Atribui\u00e7\u00e3o de identidade falsa por aplicativo de relacionamento"},"content":{"rendered":"<p><span style=\"font-weight: 400;\">A Pol\u00edcia Civil de Minas Gerais,\u00a0 ap\u00f3s apura\u00e7\u00e3o pela equipe das 5\u00aa e 6\u00aa Delegacias, identificou o suspeito de ter utilizado, sem autoriza\u00e7\u00e3o, fotos de uma mulher no aplicativo Tinder, comumente usado para encontros. A v\u00edtima, 32, esteve na unidade policial e relatou ter descoberto por meio de amigos que suas fotos publicadas em seu Instagram pessoal estariam em um perfil do Tinder.<\/span><\/p>\n<p><span style=\"font-weight: 400;\">Inicialmente, v\u00e1rias possibilidades foram analisadas, principalmente a vantagem econ\u00f4mica por meio da identidade da v\u00edtima, golpe que tem se tornado comum ultimamente pela ilus\u00e3o de seguran\u00e7a e anonimato oferecida por redes sociais. De acordo com a autoridade policial, M\u00e1rcio Roberto Savino Lopes, esse tipo de crime tem se tornado presente no cotidiano policial. A Pol\u00edcia Civil sempre orienta que crimes praticados virtualmente sempre deixam rastros para identificar a pessoa por tr\u00e1s do crime.\u00a0<\/span><\/p>\n<p><span style=\"font-weight: 400;\">Nesse caso espec\u00edfico, ap\u00f3s entrevistas e cruzamento de dados com sistemas policiais, foi poss\u00edvel apontar o suspeito de ter copiado as imagens. Ap\u00f3s os tr\u00e2mites legais, foi lavrado o Termo Circunstanciado de Ocorr\u00eancia (TCO) e o suspeito indiciado pelo crime de atribui\u00e7\u00e3o de falsa identidade, previsto no Art. 307 do C\u00f3digo Penal Brasileiro.<\/span><\/p>\n<p><span style=\"font-weight: 400;\">Em decorr\u00eancia dessa pr\u00e1tica que tem se tornado comum, M\u00e1rcio Savino orienta as pessoas que, por ventura, sejam v\u00edtimas de algo semelhante, a registrar um boletim de ocorr\u00eancia, \u201cprintar\u201d as mensagens ou imagens e anotar o nome do perfil para que as investiga\u00e7\u00f5es possam ser iniciadas.<\/span><\/p>\n<p><strong>Fonte:\u00a0<\/strong>Assessoria<\/p>\n","protected":false},"excerpt":{"rendered":"<p>A Pol\u00edcia Civil de Minas Gerais,\u00a0 ap\u00f3s apura\u00e7\u00e3o pela equipe das 5\u00aa e 6\u00aa Delegacias, identificou o suspeito de ter utilizado, sem autoriza\u00e7\u00e3o, fotos de uma mulher no aplicativo Tinder, comumente usado para encontros. A v\u00edtima, 32, esteve na unidade policial e relatou ter descoberto por meio de amigos que suas fotos publicadas em seu [&hellip;]<\/p>\n","protected":false},"author":96,"featured_media":165308,"comment_status":"closed","ping_status":"closed","sticky":false,"template":"","format":"standard","meta":{"footnotes":""},"categories":[301,436,439],"tags":[],"class_list":["post-168939","post","type-post","status-publish","format-standard","has-post-thumbnail","hentry","category-artigos-policiais","category-destaque-da-semana","category-ultima-hora"],"_links":{"self":[{"href":"https:\/\/diarioregionaldigital.com.br\/index.php?rest_route=\/wp\/v2\/posts\/168939","targetHints":{"allow":["GET"]}}],"collection":[{"href":"https:\/\/diarioregionaldigital.com.br\/index.php?rest_route=\/wp\/v2\/posts"}],"about":[{"href":"https:\/\/diarioregionaldigital.com.br\/index.php?rest_route=\/wp\/v2\/types\/post"}],"author":[{"embeddable":true,"href":"https:\/\/diarioregionaldigital.com.br\/index.php?rest_route=\/wp\/v2\/users\/96"}],"replies":[{"embeddable":true,"href":"https:\/\/diarioregionaldigital.com.br\/index.php?rest_route=%2Fwp%2Fv2%2Fcomments&post=168939"}],"version-history":[{"count":0,"href":"https:\/\/diarioregionaldigital.com.br\/index.php?rest_route=\/wp\/v2\/posts\/168939\/revisions"}],"wp:featuredmedia":[{"embeddable":true,"href":"https:\/\/diarioregionaldigital.com.br\/index.php?rest_route=\/wp\/v2\/media\/165308"}],"wp:attachment":[{"href":"https:\/\/diarioregionaldigital.com.br\/index.php?rest_route=%2Fwp%2Fv2%2Fmedia&parent=168939"}],"wp:term":[{"taxonomy":"category","embeddable":true,"href":"https:\/\/diarioregionaldigital.com.br\/index.php?rest_route=%2Fwp%2Fv2%2Fcategories&post=168939"},{"taxonomy":"post_tag","embeddable":true,"href":"https:\/\/diarioregionaldigital.com.br\/index.php?rest_route=%2Fwp%2Fv2%2Ftags&post=168939"}],"curies":[{"name":"wp","href":"https:\/\/api.w.org\/{rel}","templated":true}]}}