{"id":168932,"date":"2020-09-15T20:12:26","date_gmt":"2020-09-15T23:12:26","guid":{"rendered":"https:\/\/diarioregionaldigital.com.br\/?p=168932"},"modified":"2020-09-15T20:12:26","modified_gmt":"2020-09-15T23:12:26","slug":"indiciado-suspeito-em-acidente-que-vitimou-fatalmente-uma-jovem","status":"publish","type":"post","link":"https:\/\/diarioregionaldigital.com.br\/?p=168932","title":{"rendered":"Indiciado suspeito em acidente que vitimou fatalmente uma jovem"},"content":{"rendered":"<p><span style=\"font-weight: 400;\">A Pol\u00edcia Civil de Minas Gerais, ap\u00f3s tr\u00eas meses de investiga\u00e7\u00f5es, dilig\u00eancias e depoimentos prestados nas 5\u00aa e 6\u00aa Delegacias, indiciam o suspeito respons\u00e1vel por estar guiando o autom\u00f3vel que despencou no Rio Paraibuna na data de 30\/06\/2020, resultando na morte de uma jovem. &#8220;Ele foi indiciado por homic\u00eddio culposo no tr\u00e2nsito (art. 302 do CTB), por ter deixado de prestar socorro \u00e0 v\u00edtima e conduzir o ve\u00edculo sob influ\u00eancia de \u00e1lcool&#8221;, ressaltou o Delegado respons\u00e1vel pela apura\u00e7\u00e3o,\u00a0 M\u00e1rcio Roberto Savino Lopes. Ainda constou no relat\u00f3rio, a altera\u00e7\u00e3o de local de crime pela retirada do ve\u00edculo, fato que acabou\u00a0 prejudicando as investiga\u00e7\u00f5es e identifica\u00e7\u00e3o do autom\u00f3vel.<\/span><\/p>\n<p><span style=\"font-weight: 400;\">O acidente ocorreu na noite do dia 30\/06\/2020 na Avenida Francisco Valadares, na altura do n\u00famero 1000, bairro Furtado de Menezes, pr\u00f3ximo a sede do Demlurb. Conforme laudo pericial e informa\u00e7\u00f5es das testemunhas em cart\u00f3rio, o ve\u00edculo n\u00e3o identificado seguia no sentido bairro-centro e teria colidido contra o meio-fio da via, subido na cal\u00e7ada e ca\u00eddo no Rio Paraibuna.<\/span><\/p>\n<p><span style=\"font-weight: 400;\">As investiga\u00e7\u00f5es tiveram in\u00edcio no dia seguinte ao ocorrido e foram focadas na identifica\u00e7\u00e3o dos ocupantes e do pr\u00f3prio autom\u00f3vel, j\u00e1 que, n\u00e3o constou nenhum arrolamento no boletim de ocorr\u00eancia feito de testemunhas ou envolvidos. Ap\u00f3s dilig\u00eancias junto a fam\u00edlia da v\u00edtima, inicialmente foi poss\u00edvel qualificar dois ocupantes, sendo o terceiro um cantor de funk residente no Rio de Janeiro. A v\u00edtima estaria no banco do carona, enquanto os tr\u00eas, no banco de tr\u00e1s.<\/span><\/p>\n<p><span style=\"font-weight: 400;\">Ap\u00f3s cruzamento de informa\u00e7\u00f5es e a obten\u00e7\u00e3o de uma foto das m\u00eddias sociais (instagram) momentos antes do acidente, as testemunhas qualificadas puderam apontar, sem sombra de d\u00favidas, o suspeito de estar dirigindo o ve\u00edculo. O mesmo foi intimado a prestar depoimento na unidade policial e nada quis manifestar. A Pol\u00edcia Judici\u00e1ria concluiu o caso com o indiciamento do rapaz, encaminhado o inqu\u00e9rito para a Justi\u00e7a.<\/span><\/p>\n<p><strong>Fonte:\u00a0<\/strong>Assessoria<\/p>\n","protected":false},"excerpt":{"rendered":"<p>A Pol\u00edcia Civil de Minas Gerais, ap\u00f3s tr\u00eas meses de investiga\u00e7\u00f5es, dilig\u00eancias e depoimentos prestados nas 5\u00aa e 6\u00aa Delegacias, indiciam o suspeito respons\u00e1vel por estar guiando o autom\u00f3vel que despencou no Rio Paraibuna na data de 30\/06\/2020, resultando na morte de uma jovem. &#8220;Ele foi indiciado por homic\u00eddio culposo no tr\u00e2nsito (art. 302 do [&hellip;]<\/p>\n","protected":false},"author":96,"featured_media":165308,"comment_status":"closed","ping_status":"closed","sticky":false,"template":"","format":"standard","meta":{"footnotes":""},"categories":[301,436,439],"tags":[],"class_list":["post-168932","post","type-post","status-publish","format-standard","has-post-thumbnail","hentry","category-artigos-policiais","category-destaque-da-semana","category-ultima-hora"],"_links":{"self":[{"href":"https:\/\/diarioregionaldigital.com.br\/index.php?rest_route=\/wp\/v2\/posts\/168932","targetHints":{"allow":["GET"]}}],"collection":[{"href":"https:\/\/diarioregionaldigital.com.br\/index.php?rest_route=\/wp\/v2\/posts"}],"about":[{"href":"https:\/\/diarioregionaldigital.com.br\/index.php?rest_route=\/wp\/v2\/types\/post"}],"author":[{"embeddable":true,"href":"https:\/\/diarioregionaldigital.com.br\/index.php?rest_route=\/wp\/v2\/users\/96"}],"replies":[{"embeddable":true,"href":"https:\/\/diarioregionaldigital.com.br\/index.php?rest_route=%2Fwp%2Fv2%2Fcomments&post=168932"}],"version-history":[{"count":0,"href":"https:\/\/diarioregionaldigital.com.br\/index.php?rest_route=\/wp\/v2\/posts\/168932\/revisions"}],"wp:featuredmedia":[{"embeddable":true,"href":"https:\/\/diarioregionaldigital.com.br\/index.php?rest_route=\/wp\/v2\/media\/165308"}],"wp:attachment":[{"href":"https:\/\/diarioregionaldigital.com.br\/index.php?rest_route=%2Fwp%2Fv2%2Fmedia&parent=168932"}],"wp:term":[{"taxonomy":"category","embeddable":true,"href":"https:\/\/diarioregionaldigital.com.br\/index.php?rest_route=%2Fwp%2Fv2%2Fcategories&post=168932"},{"taxonomy":"post_tag","embeddable":true,"href":"https:\/\/diarioregionaldigital.com.br\/index.php?rest_route=%2Fwp%2Fv2%2Ftags&post=168932"}],"curies":[{"name":"wp","href":"https:\/\/api.w.org\/{rel}","templated":true}]}}