{"id":168925,"date":"2020-09-15T20:11:20","date_gmt":"2020-09-15T23:11:20","guid":{"rendered":"https:\/\/diarioregionaldigital.com.br\/?p=168925"},"modified":"2020-09-15T20:11:20","modified_gmt":"2020-09-15T23:11:20","slug":"policia-civil-recebe-denuncia-e-apreende-menor-por-trafico-de-drogas","status":"publish","type":"post","link":"https:\/\/diarioregionaldigital.com.br\/?p=168925","title":{"rendered":"Pol\u00edcia Civil recebe den\u00fancia e apreende menor por tr\u00e1fico de drogas"},"content":{"rendered":"<p><span style=\"font-weight: 400;\">A Pol\u00edcia Civil de Minas Gerais apreendeu,\u00a0 na \u00faltima quinta-feira (10), no Bairro Nossa Senhora Aparecida, em Merc\u00eas, aproximadamente 2,34 Kg de subst\u00e2ncia an\u00e1loga a\u00a0 maconha.<\/span><\/p>\n<p><span style=\"font-weight: 400;\">Ap\u00f3s uma den\u00fancia recebida pela Pol\u00edcia Civil, uma equipe de policiais foram apurar o fato. Chegando ao local onde supostamente estava ocorrendo o fato \u00edlicito, foi franqueado, por uma mulher de 42 anos, a entrada dos policiais em sua resid\u00eancia. Ao realizar buscas no quarto do menor de 15 anos, filho desta mulher, foi encontrado, em um fundo falso de seu guarda roupa, 27\u00a0 tabletes de maconha.<\/span><\/p>\n<p><span style=\"font-weight: 400;\">Em conversa com o menor, fomos informados que a droga seria de um traficante conhecido no meio policial. O celular do menor foi apreendido e posteriormente encaminhado para a Per\u00edcia, para darmos continuidade as investiga\u00e7\u00f5es. O menor apreendido, foi liberado para a respons\u00e1vel legal.<\/span><\/p>\n<p><strong>Fonte:\u00a0<\/strong>Assessoria<\/p>\n","protected":false},"excerpt":{"rendered":"<p>A Pol\u00edcia Civil de Minas Gerais apreendeu,\u00a0 na \u00faltima quinta-feira (10), no Bairro Nossa Senhora Aparecida, em Merc\u00eas, aproximadamente 2,34 Kg de subst\u00e2ncia an\u00e1loga a\u00a0 maconha. Ap\u00f3s uma den\u00fancia recebida pela Pol\u00edcia Civil, uma equipe de policiais foram apurar o fato. Chegando ao local onde supostamente estava ocorrendo o fato \u00edlicito, foi franqueado, por uma [&hellip;]<\/p>\n","protected":false},"author":96,"featured_media":165308,"comment_status":"closed","ping_status":"closed","sticky":false,"template":"","format":"standard","meta":{"footnotes":""},"categories":[301,436,439],"tags":[],"class_list":["post-168925","post","type-post","status-publish","format-standard","has-post-thumbnail","hentry","category-artigos-policiais","category-destaque-da-semana","category-ultima-hora"],"_links":{"self":[{"href":"https:\/\/diarioregionaldigital.com.br\/index.php?rest_route=\/wp\/v2\/posts\/168925","targetHints":{"allow":["GET"]}}],"collection":[{"href":"https:\/\/diarioregionaldigital.com.br\/index.php?rest_route=\/wp\/v2\/posts"}],"about":[{"href":"https:\/\/diarioregionaldigital.com.br\/index.php?rest_route=\/wp\/v2\/types\/post"}],"author":[{"embeddable":true,"href":"https:\/\/diarioregionaldigital.com.br\/index.php?rest_route=\/wp\/v2\/users\/96"}],"replies":[{"embeddable":true,"href":"https:\/\/diarioregionaldigital.com.br\/index.php?rest_route=%2Fwp%2Fv2%2Fcomments&post=168925"}],"version-history":[{"count":0,"href":"https:\/\/diarioregionaldigital.com.br\/index.php?rest_route=\/wp\/v2\/posts\/168925\/revisions"}],"wp:featuredmedia":[{"embeddable":true,"href":"https:\/\/diarioregionaldigital.com.br\/index.php?rest_route=\/wp\/v2\/media\/165308"}],"wp:attachment":[{"href":"https:\/\/diarioregionaldigital.com.br\/index.php?rest_route=%2Fwp%2Fv2%2Fmedia&parent=168925"}],"wp:term":[{"taxonomy":"category","embeddable":true,"href":"https:\/\/diarioregionaldigital.com.br\/index.php?rest_route=%2Fwp%2Fv2%2Fcategories&post=168925"},{"taxonomy":"post_tag","embeddable":true,"href":"https:\/\/diarioregionaldigital.com.br\/index.php?rest_route=%2Fwp%2Fv2%2Ftags&post=168925"}],"curies":[{"name":"wp","href":"https:\/\/api.w.org\/{rel}","templated":true}]}}