{"id":168915,"date":"2020-09-15T19:02:14","date_gmt":"2020-09-15T22:02:14","guid":{"rendered":"https:\/\/diarioregionaldigital.com.br\/?p=168915"},"modified":"2020-09-15T19:02:14","modified_gmt":"2020-09-15T22:02:14","slug":"antonio-almas-visita-obras-nas-ubss-dos-bairros-santa-rita-e-progresso","status":"publish","type":"post","link":"https:\/\/diarioregionaldigital.com.br\/?p=168915","title":{"rendered":"Ant\u00f4nio Almas visita obras nas UBSs dos bairros Santa Rita e Progresso"},"content":{"rendered":"<p><span style=\"font-weight: 400;\">O prefeito Ant\u00f4nio Almas, o secret\u00e1rio de Sa\u00fade, Rodrigo Almeida, e a subsecret\u00e1ria de Aten\u00e7\u00e3o \u00e0 Sa\u00fade, Maria Aparecida Baeta Guimar\u00e3es, iniciaram visitas \u00e0s unidades b\u00e1sicas de Sa\u00fade (UBSs) que est\u00e3o sendo reformadas. Nesta ter\u00e7a-feira (15), eles foram aos bairros Santa Rita e Progresso, cujas obras beneficiar\u00e3o pelo menos 20 mil pessoas. Durante as visitas, Ant\u00f4nio Almas avaliou a import\u00e2ncia dessas reformas, prevendo \u201cmelhoria na qualidade do servi\u00e7o e na estrutura para acolher a comunidade e os servidores\u201d. De acordo com o prefeito, \u201ca cidade que queremos s\u00f3 acontece se trabalharmos para isso. E \u00e9 isso que eu vejo. S\u00f3 conseguimos manter a Administra\u00e7\u00e3o pelo trabalho de cada um dos servidores\u201d.<\/span><\/p>\n<p><span style=\"font-weight: 400;\">Na UBS do Bairro Progresso, o telhado, com concep\u00e7\u00e3o de calhas internas, est\u00e1 sendo trocado pelo de chapas galvanizadas, com calhas externas, o que facilitar\u00e1 a limpeza. As salas de vacinas e de curativos foram redimensionadas, a copa e a recep\u00e7\u00e3o ampliadas e mais um sanit\u00e1rio foi criado para servidores. A supervisora Lybia Morat\u00f3rio Fernandes disse que as melhorias s\u00e3o ainda mais valorizadas quando lembra que \u201cos servidores passam mais tempo na UBS do que em casa, e que a qualidade do atendimento ao p\u00fablico ser\u00e1 ampliada\u201d. A troca do telhado dar\u00e1 fim \u00e0s infiltra\u00e7\u00f5es que mofaram ambientes.<\/span><\/p>\n<p><span style=\"font-weight: 400;\">O arquiteto Cl\u00f3vis Robert, gerente do Departamento de Gest\u00e3o de Infraestrutura F\u00edsica da Sa\u00fade, da Secretaria de Sa\u00fade (SS) da Prefeitura de Juiz de Fora (PJF), calculou que 90% dos trabalhos j\u00e1 foram realizados no Bairro Progresso. Segundo ele, a obra passa por ajustes finais, dependendo ainda de algumas interven\u00e7\u00f5es no telhado e detalhes do acabamento, al\u00e9m da instala\u00e7\u00e3o de barreira infectol\u00f3gica na recep\u00e7\u00e3o. Perto de 15 mil pessoas da comunidade e quatro bairros ser\u00e3o beneficiados.<\/span><\/p>\n<p><span style=\"font-weight: 400;\">A prioridade na UBS do Bairro Santa Rita \u00e9 o conforto ambiental, com melhoria do fluxo de trabalho. Todo o telhado ser\u00e1 substitu\u00eddo, e ter\u00e1 calhas externas, as infiltra\u00e7\u00f5es ser\u00e3o corrigidas, as salas de vacina e de espera ampliadas e mais um consult\u00f3rio constru\u00eddo. A supervisora Daniele de Carvalho Benedito Mendes disse que a amplia\u00e7\u00e3o e a revitaliza\u00e7\u00e3o v\u00e3o melhorar o dia a dia dos profissionais e da comunidade atendida, calculada em torno de cinco mil pessoas. Cerca de 60% dos trabalhos j\u00e1 foram executados Uma vez conclu\u00edda, a reforma contribuir\u00e1 para expans\u00e3o da UBS, que passar\u00e1 a receber pacientes de outros bairros, al\u00e9m dos de Santa Rita.<\/span><\/p>\n<p><strong>Fonte:\u00a0<\/strong>Assessoria<\/p>\n","protected":false},"excerpt":{"rendered":"<p>O prefeito Ant\u00f4nio Almas, o secret\u00e1rio de Sa\u00fade, Rodrigo Almeida, e a subsecret\u00e1ria de Aten\u00e7\u00e3o \u00e0 Sa\u00fade, Maria Aparecida Baeta Guimar\u00e3es, iniciaram visitas \u00e0s unidades b\u00e1sicas de Sa\u00fade (UBSs) que est\u00e3o sendo reformadas. Nesta ter\u00e7a-feira (15), eles foram aos bairros Santa Rita e Progresso, cujas obras beneficiar\u00e3o pelo menos 20 mil pessoas. Durante as visitas, [&hellip;]<\/p>\n","protected":false},"author":96,"featured_media":168916,"comment_status":"closed","ping_status":"closed","sticky":false,"template":"","format":"standard","meta":{"footnotes":""},"categories":[253,436,439],"tags":[],"class_list":["post-168915","post","type-post","status-publish","format-standard","has-post-thumbnail","hentry","category-cidade","category-destaque-da-semana","category-ultima-hora"],"_links":{"self":[{"href":"https:\/\/diarioregionaldigital.com.br\/index.php?rest_route=\/wp\/v2\/posts\/168915","targetHints":{"allow":["GET"]}}],"collection":[{"href":"https:\/\/diarioregionaldigital.com.br\/index.php?rest_route=\/wp\/v2\/posts"}],"about":[{"href":"https:\/\/diarioregionaldigital.com.br\/index.php?rest_route=\/wp\/v2\/types\/post"}],"author":[{"embeddable":true,"href":"https:\/\/diarioregionaldigital.com.br\/index.php?rest_route=\/wp\/v2\/users\/96"}],"replies":[{"embeddable":true,"href":"https:\/\/diarioregionaldigital.com.br\/index.php?rest_route=%2Fwp%2Fv2%2Fcomments&post=168915"}],"version-history":[{"count":0,"href":"https:\/\/diarioregionaldigital.com.br\/index.php?rest_route=\/wp\/v2\/posts\/168915\/revisions"}],"wp:featuredmedia":[{"embeddable":true,"href":"https:\/\/diarioregionaldigital.com.br\/index.php?rest_route=\/wp\/v2\/media\/168916"}],"wp:attachment":[{"href":"https:\/\/diarioregionaldigital.com.br\/index.php?rest_route=%2Fwp%2Fv2%2Fmedia&parent=168915"}],"wp:term":[{"taxonomy":"category","embeddable":true,"href":"https:\/\/diarioregionaldigital.com.br\/index.php?rest_route=%2Fwp%2Fv2%2Fcategories&post=168915"},{"taxonomy":"post_tag","embeddable":true,"href":"https:\/\/diarioregionaldigital.com.br\/index.php?rest_route=%2Fwp%2Fv2%2Ftags&post=168915"}],"curies":[{"name":"wp","href":"https:\/\/api.w.org\/{rel}","templated":true}]}}