{"id":168912,"date":"2020-09-15T18:56:48","date_gmt":"2020-09-15T21:56:48","guid":{"rendered":"https:\/\/diarioregionaldigital.com.br\/?p=168912"},"modified":"2020-09-15T18:56:48","modified_gmt":"2020-09-15T21:56:48","slug":"novo-boletim-registra-81-novos-casos-por-coronavirus-em-24h","status":"publish","type":"post","link":"https:\/\/diarioregionaldigital.com.br\/?p=168912","title":{"rendered":"Novo boletim registra 81 novos casos por Coronav\u00edrus em 24h"},"content":{"rendered":"<p><span style=\"font-weight: 400;\">O novo boletim epidemiol\u00f3gico divulgado nessa ter\u00e7a-feira (15) pela Secretaria de Sa\u00fade (SS) da Prefeitura de Juiz de Fora (PJF), confirma mais 81 novos casos por Coronav\u00edrus, totalizando 5.371 Segundo o levantamento, foram registrados mais tr\u00eas mortes em 24h, contabilizando 187. Conforme os dados, 19.453 s\u00e3o suspeitos.<\/span><\/p>\n<p><span style=\"font-weight: 400;\">Al\u00e9m disso, o Departamento de Vigil\u00e2ncia Epidemiol\u00f3gica e Ambiental (Dvea) informa que dentre os casos confirmados, 2.818 s\u00e3o mulheres e 2.552 homens.<\/span><\/p>\n<p><b>\u00d3bitos<\/b><\/p>\n<p><span style=\"font-weight: 400;\">Mulher, de 57 anos, morreu nessa segunda-feira, 14. Sem comorbidades relatadas<\/span><\/p>\n<p><span style=\"font-weight: 400;\">Idosa, de 79 anos, morreu nesse domingo, 13. Comorbidades: Doen\u00e7a Cardiovascular Cr\u00f4nica (DCC), Diabetes Mellitus (DM) e obesidade;<\/span><\/p>\n<p><span style=\"font-weight: 400;\">Idosa, de 86 anos, morreu no dia 20 de agosto. Comorbidades: Doen\u00e7a Cardiovascular Cr\u00f4nica (DCC), Doen\u00e7a Neurol\u00f3gica Cr\u00f4nica (DNC), e pneumopatia cr\u00f4nica.<\/span><\/p>\n<p><b>N\u00fameros de casos<\/b><\/p>\n<p><span style=\"font-weight: 400;\">&#8211; At\u00e9 um ano: 19 casos (0,35%)<\/span><\/p>\n<p><span style=\"font-weight: 400;\">&#8211; Um a nove anos: 91 (1,69%)<\/span><\/p>\n<p><span style=\"font-weight: 400;\">&#8211; Dez a 19: 133 (2,47%)<\/span><\/p>\n<p><span style=\"font-weight: 400;\">&#8211; 20 a 29: 939 (17,48%)<\/span><\/p>\n<p><span style=\"font-weight: 400;\">&#8211; 30 a 39: 1.327 (24,71%)<\/span><\/p>\n<p><span style=\"font-weight: 400;\">&#8211; 40 a 49: 1.016 (18,91%)<\/span><\/p>\n<p><span style=\"font-weight: 400;\">&#8211; 50 a 59: 858 (15,97%)<\/span><\/p>\n<p><span style=\"font-weight: 400;\">&#8211; 60 ou mais: 988 (18,39%)<\/span><\/p>\n<p><b>Leitos\u00a0<\/b><\/p>\n<p><span style=\"font-weight: 400;\">Segundo informa\u00e7\u00f5es da PJF, os leitos de enfermaria est\u00e3o com 60,85% de ocupa\u00e7\u00e3o. J\u00e1 os os leitos de UTI e SUS, est\u00e3o com taxa de 73,99% cada.<\/span><\/p>\n<p><b>Ranking de bairros com maior n\u00famero de casos<\/b><\/p>\n<p><span style=\"font-weight: 400;\">O novo levantamento feito pelo Dvea, aponta que o Bairro Santa Terezinha, entrou para a lista dos locais com maiores n\u00fameros de casos em Juiz de Fora, com 38 confirmados da doen\u00e7a.<\/span><\/p>\n<p><span style=\"font-weight: 400;\">At\u00e9 o momento, o Dvea registrou 331 casos no Centro, 222 no S\u00e3o Mateus, 156 no S\u00e3o Pedro, 136 no Benfica, 93 no Alto dos Passos, 92 no Santa Helena, 89 no Bom Pastor, 85 no Progresso, 78 no Cascatinha, 78 no Nova Era, 76 no Paineiras, 74 no Santa Luzia, 68 no Bandeirantes, 65 no Grama, 62 no Teixeiras, 60 no Bairu, 59 no Granbery, 56 no Linhares, 55 no Nossa Senhora de Lourdes, 51 no Monte Castelo, 49 no Santa Cruz, 46 no Graja\u00fa, 46 no Estrela Sul, 45 no Ipiranga, 43 no Santo Ant\u00f4nio, 43 no Jardim Gl\u00f3ria, 42 no Nossa Senhora Aparecida, 41 no Manoel Hon\u00f3rio, 41 no Barbosa Lage, 41 no Milho Branco, 40 no Francisco Bernardino, 40 em Vila Ideal, 39 no Industrial, 39 no J\u00f3quei Clube, 38 no Eldorado, 37 no Borboleta e 37 em S\u00e3o Judas Tadeu.<\/span><\/p>\n<p><span style=\"font-weight: 400;\">\u00a0<\/span><b>Casos recuperados<\/b><\/p>\n<p><span style=\"font-weight: 400;\">Segundo dados da PJF, 4.837 pacientes est\u00e3o recuperados da doen\u00e7a, representando 90% dos casos confirmados.<\/span><\/p>\n<p><b>Isolamento social<\/b><\/p>\n<p><span style=\"font-weight: 400;\">Conforme os dados divulgados pela Prefeitura, o munic\u00edpio apresenta taxa de isolamento social em 49,43%, cuja m\u00e9dia \u00e9 dos \u00faltimos sete dias. O valor est\u00e1 um pouco acima da taxa registrada em Minas Gerais, que \u00e9 de 49%.<\/span><\/p>\n<p><b>Casos e \u00f3bitos confirmados<\/b><\/p>\n<p><span style=\"font-weight: 400;\">Na compara\u00e7\u00e3o com outras cidades do estado, Juiz de Fora permanece como oitavi munic\u00edpio com maior n\u00famero de casos confirmados. Segundo dados da Secretaria de Estado da Sa\u00fade de Minas Gerais (SES-MG), na primeira posi\u00e7\u00e3o aparece Belo Horizonte com 37.801, Uberl\u00e2ndia em segundo com 23.791, Contagem em terceiro com 8.305, Ipatinga em quarto com 8.092, Governador Valadares em quinto com 6.678, Montes Claros em sexto com 6.932 e Betim em s\u00e9timo com 5.434, estes s\u00e3o os munic\u00edpios que apresentam mais casos confirmados em compara\u00e7\u00e3o com Juiz de Fora.<\/span><\/p>\n<p><span style=\"font-weight: 400;\">J\u00e1 na quest\u00e3o das mortes confirmadas, o munic\u00edpio permanece em sexto nesse quesito. Belo Horizonte lidera com 1.127 \u00f3bitos, Uberl\u00e2ndia \u00e9 o segundo com 485, Contagem em terceiro com 321, Governador Valadares em quarto com 230 e Betim em quinto com 184.<\/span><\/p>\n","protected":false},"excerpt":{"rendered":"<p>O novo boletim epidemiol\u00f3gico divulgado nessa ter\u00e7a-feira (15) pela Secretaria de Sa\u00fade (SS) da Prefeitura de Juiz de Fora (PJF), confirma mais 81 novos casos por Coronav\u00edrus, totalizando 5.371 Segundo o levantamento, foram registrados mais tr\u00eas mortes em 24h, contabilizando 187. Conforme os dados, 19.453 s\u00e3o suspeitos. Al\u00e9m disso, o Departamento de Vigil\u00e2ncia Epidemiol\u00f3gica e [&hellip;]<\/p>\n","protected":false},"author":96,"featured_media":168913,"comment_status":"closed","ping_status":"closed","sticky":false,"template":"","format":"standard","meta":{"footnotes":""},"categories":[253,436,440,439],"tags":[],"class_list":["post-168912","post","type-post","status-publish","format-standard","has-post-thumbnail","hentry","category-cidade","category-destaque-da-semana","category-destaques-do-dia","category-ultima-hora"],"_links":{"self":[{"href":"https:\/\/diarioregionaldigital.com.br\/index.php?rest_route=\/wp\/v2\/posts\/168912","targetHints":{"allow":["GET"]}}],"collection":[{"href":"https:\/\/diarioregionaldigital.com.br\/index.php?rest_route=\/wp\/v2\/posts"}],"about":[{"href":"https:\/\/diarioregionaldigital.com.br\/index.php?rest_route=\/wp\/v2\/types\/post"}],"author":[{"embeddable":true,"href":"https:\/\/diarioregionaldigital.com.br\/index.php?rest_route=\/wp\/v2\/users\/96"}],"replies":[{"embeddable":true,"href":"https:\/\/diarioregionaldigital.com.br\/index.php?rest_route=%2Fwp%2Fv2%2Fcomments&post=168912"}],"version-history":[{"count":0,"href":"https:\/\/diarioregionaldigital.com.br\/index.php?rest_route=\/wp\/v2\/posts\/168912\/revisions"}],"wp:featuredmedia":[{"embeddable":true,"href":"https:\/\/diarioregionaldigital.com.br\/index.php?rest_route=\/wp\/v2\/media\/168913"}],"wp:attachment":[{"href":"https:\/\/diarioregionaldigital.com.br\/index.php?rest_route=%2Fwp%2Fv2%2Fmedia&parent=168912"}],"wp:term":[{"taxonomy":"category","embeddable":true,"href":"https:\/\/diarioregionaldigital.com.br\/index.php?rest_route=%2Fwp%2Fv2%2Fcategories&post=168912"},{"taxonomy":"post_tag","embeddable":true,"href":"https:\/\/diarioregionaldigital.com.br\/index.php?rest_route=%2Fwp%2Fv2%2Ftags&post=168912"}],"curies":[{"name":"wp","href":"https:\/\/api.w.org\/{rel}","templated":true}]}}