{"id":168906,"date":"2020-09-15T17:18:31","date_gmt":"2020-09-15T20:18:31","guid":{"rendered":"https:\/\/diarioregionaldigital.com.br\/?p=168906"},"modified":"2020-09-15T17:18:31","modified_gmt":"2020-09-15T20:18:31","slug":"obras-no-bairro-estrela-sul-devem-comecar-em-breve","status":"publish","type":"post","link":"https:\/\/diarioregionaldigital.com.br\/?p=168906","title":{"rendered":"Obras no Bairro Estrela Sul devem come\u00e7ar em breve"},"content":{"rendered":"<p>A Secretaria de Transportes e Tr\u00e2nsito (Settra) da Prefeitura de Juiz de Fora (PJF) est\u00e1 em fase final das tratativas com as quatro empresas parceiras que realizar\u00e3o as doa\u00e7\u00f5es para obras de remodela\u00e7\u00e3o do trevo no Bairro Estrela Sul. Todo o procedimento t\u00e9cnico e jur\u00eddico j\u00e1 foi realizado e a documenta\u00e7\u00e3o necess\u00e1ria entregue pelas empresas.<\/p>\n<p>Nesta ter\u00e7a-feira, 15, a PJF entregou a minuta do termo de doa\u00e7\u00e3o \u00e0s empresas doadoras, para que seja assinado e devolvido \u00e0 Settra, o que deve ocorrer nos pr\u00f3ximos dias. Com a minuta recebida, o secret\u00e1rio de Transportes e Tr\u00e2nsito, Eduardo Facio, ir\u00e1 assinar\u00e1 o documento, representando a Prefeitura, e logo a empresa indicada pelas doadoras poder\u00e1 dar in\u00edcio \u00e0 execu\u00e7\u00e3o das obras.<\/p>\n<p>O projeto de reformula\u00e7\u00e3o do trevo no Bairro Estrela Sul ser\u00e1 divulgado para toda a popula\u00e7\u00e3o. Ser\u00e3o feitas faixas de pedestres para travessia segura e sem\u00e1foros para maior fluidez do tr\u00e2nsito, entre outras melhorias.<\/p>\n<p><strong>Fonte:<\/strong> Assessoria<\/p>\n","protected":false},"excerpt":{"rendered":"<p>A Secretaria de Transportes e Tr\u00e2nsito (Settra) da Prefeitura de Juiz de Fora (PJF) est\u00e1 em fase final das tratativas com as quatro empresas parceiras que realizar\u00e3o as doa\u00e7\u00f5es para obras de remodela\u00e7\u00e3o do trevo no Bairro Estrela Sul. Todo o procedimento t\u00e9cnico e jur\u00eddico j\u00e1 foi realizado e a documenta\u00e7\u00e3o necess\u00e1ria entregue pelas empresas. [&hellip;]<\/p>\n","protected":false},"author":96,"featured_media":168909,"comment_status":"closed","ping_status":"closed","sticky":false,"template":"","format":"standard","meta":{"footnotes":""},"categories":[253,436,439],"tags":[],"class_list":["post-168906","post","type-post","status-publish","format-standard","has-post-thumbnail","hentry","category-cidade","category-destaque-da-semana","category-ultima-hora"],"_links":{"self":[{"href":"https:\/\/diarioregionaldigital.com.br\/index.php?rest_route=\/wp\/v2\/posts\/168906","targetHints":{"allow":["GET"]}}],"collection":[{"href":"https:\/\/diarioregionaldigital.com.br\/index.php?rest_route=\/wp\/v2\/posts"}],"about":[{"href":"https:\/\/diarioregionaldigital.com.br\/index.php?rest_route=\/wp\/v2\/types\/post"}],"author":[{"embeddable":true,"href":"https:\/\/diarioregionaldigital.com.br\/index.php?rest_route=\/wp\/v2\/users\/96"}],"replies":[{"embeddable":true,"href":"https:\/\/diarioregionaldigital.com.br\/index.php?rest_route=%2Fwp%2Fv2%2Fcomments&post=168906"}],"version-history":[{"count":0,"href":"https:\/\/diarioregionaldigital.com.br\/index.php?rest_route=\/wp\/v2\/posts\/168906\/revisions"}],"wp:featuredmedia":[{"embeddable":true,"href":"https:\/\/diarioregionaldigital.com.br\/index.php?rest_route=\/wp\/v2\/media\/168909"}],"wp:attachment":[{"href":"https:\/\/diarioregionaldigital.com.br\/index.php?rest_route=%2Fwp%2Fv2%2Fmedia&parent=168906"}],"wp:term":[{"taxonomy":"category","embeddable":true,"href":"https:\/\/diarioregionaldigital.com.br\/index.php?rest_route=%2Fwp%2Fv2%2Fcategories&post=168906"},{"taxonomy":"post_tag","embeddable":true,"href":"https:\/\/diarioregionaldigital.com.br\/index.php?rest_route=%2Fwp%2Fv2%2Ftags&post=168906"}],"curies":[{"name":"wp","href":"https:\/\/api.w.org\/{rel}","templated":true}]}}