{"id":168899,"date":"2020-09-15T17:17:03","date_gmt":"2020-09-15T20:17:03","guid":{"rendered":"https:\/\/diarioregionaldigital.com.br\/?p=168899"},"modified":"2020-09-15T17:17:19","modified_gmt":"2020-09-15T20:17:19","slug":"prefeitura-municipal-de-descoberto-extrato-15-09-2020","status":"publish","type":"post","link":"https:\/\/diarioregionaldigital.com.br\/?p=168899","title":{"rendered":"Prefeitura Municipal de Descoberto &#8211; Extrato1 -15\/09\/2020"},"content":{"rendered":"<p style=\"text-align: center;\"><strong>EXTRATO DE CONTRATO<\/strong><\/p>\n<p style=\"text-align: center;\">Pref. Municipal de Descoberto x MM Reformas e Constru\u00e7\u00f5es de Muria\u00e9 Eireli \u00a0\u00a0\u2013Execu\u00e7\u00e3o de obras de pavimenta\u00e7\u00e3o com pedras poli\u00e9dricas e obras complementares, no prolongamento da Rua Virg\u00edlio Alves Ferreira- Conv\u00eanio\u00a0 SEGOV n\u00ba 1491000398\/2020 \u2013 Fundamento: Tomada de Pre\u00e7os n\u00ba 003\/2020\u00a0 &#8211;\u00a0 Valor Global: 159.169,91 \u00a0&#8211; Vig\u00eancia contrato:15\/06\/22 &#8211; Prazo de execu\u00e7\u00e3o 5 meses &#8211;\u00a0 Dot or\u00e7: 02.02006.15.451.0019.104-449051\/124- Ass: 15\/092020 &#8211; Foro: S\u00e3o Jo\u00e3o Nepomuceno\/MG.<\/p>\n<p style=\"text-align: center;\"><strong>Marcos de Ara\u00fajo Lima<\/strong><\/p>\n<p style=\"text-align: center;\"><strong>Prefeito Municipal<\/strong><\/p>\n","protected":false},"excerpt":{"rendered":"<p>EXTRATO DE CONTRATO Pref. Municipal de Descoberto x MM Reformas e Constru\u00e7\u00f5es de Muria\u00e9 Eireli \u00a0\u00a0\u2013Execu\u00e7\u00e3o de obras de pavimenta\u00e7\u00e3o com pedras poli\u00e9dricas e obras complementares, no prolongamento da Rua Virg\u00edlio Alves Ferreira- Conv\u00eanio\u00a0 SEGOV n\u00ba 1491000398\/2020 \u2013 Fundamento: Tomada de Pre\u00e7os n\u00ba 003\/2020\u00a0 &#8211;\u00a0 Valor Global: 159.169,91 \u00a0&#8211; Vig\u00eancia contrato:15\/06\/22 &#8211; Prazo de execu\u00e7\u00e3o [&hellip;]<\/p>\n","protected":false},"author":96,"featured_media":0,"comment_status":"closed","ping_status":"closed","sticky":false,"template":"","format":"standard","meta":{"footnotes":""},"categories":[307],"tags":[],"class_list":["post-168899","post","type-post","status-publish","format-standard","hentry","category-editais"],"_links":{"self":[{"href":"https:\/\/diarioregionaldigital.com.br\/index.php?rest_route=\/wp\/v2\/posts\/168899","targetHints":{"allow":["GET"]}}],"collection":[{"href":"https:\/\/diarioregionaldigital.com.br\/index.php?rest_route=\/wp\/v2\/posts"}],"about":[{"href":"https:\/\/diarioregionaldigital.com.br\/index.php?rest_route=\/wp\/v2\/types\/post"}],"author":[{"embeddable":true,"href":"https:\/\/diarioregionaldigital.com.br\/index.php?rest_route=\/wp\/v2\/users\/96"}],"replies":[{"embeddable":true,"href":"https:\/\/diarioregionaldigital.com.br\/index.php?rest_route=%2Fwp%2Fv2%2Fcomments&post=168899"}],"version-history":[{"count":0,"href":"https:\/\/diarioregionaldigital.com.br\/index.php?rest_route=\/wp\/v2\/posts\/168899\/revisions"}],"wp:attachment":[{"href":"https:\/\/diarioregionaldigital.com.br\/index.php?rest_route=%2Fwp%2Fv2%2Fmedia&parent=168899"}],"wp:term":[{"taxonomy":"category","embeddable":true,"href":"https:\/\/diarioregionaldigital.com.br\/index.php?rest_route=%2Fwp%2Fv2%2Fcategories&post=168899"},{"taxonomy":"post_tag","embeddable":true,"href":"https:\/\/diarioregionaldigital.com.br\/index.php?rest_route=%2Fwp%2Fv2%2Ftags&post=168899"}],"curies":[{"name":"wp","href":"https:\/\/api.w.org\/{rel}","templated":true}]}}