{"id":168896,"date":"2020-09-15T17:17:09","date_gmt":"2020-09-15T20:17:09","guid":{"rendered":"https:\/\/diarioregionaldigital.com.br\/?p=168896"},"modified":"2020-09-15T17:17:09","modified_gmt":"2020-09-15T20:17:09","slug":"novo-reservatorio-de-agua-no-bairro-santa-terezinha-esta-em-fase-de-testes","status":"publish","type":"post","link":"https:\/\/diarioregionaldigital.com.br\/?p=168896","title":{"rendered":"Novo reservat\u00f3rio de \u00e1gua no Bairro Santa Terezinha est\u00e1 em fase de testes"},"content":{"rendered":"<p>O novo reservat\u00f3rio de \u00e1gua da Companhia de Saneamento Municipal (Cesama) no Bairro Santa Terezinha j\u00e1 teve iniciada sua etapa de testes. Localizada na Rua Tupi, a unidade integra o complexo do Reservat\u00f3rio \u201cHenrique de Novaes\u201d, e ter\u00e1 capacidade de quatro milh\u00f5es de litros, ampliando assim o sistema de reserva do Munic\u00edpio.<\/p>\n<p>O diretor de Desenvolvimento e Expans\u00e3o da Cesama, Marcelo Mello do Amaral, explicou que, atualmente, o reservat\u00f3rio j\u00e1 conta com reserva de tr\u00eas milh\u00f5es de litros: \u201cEstamos enchendo a unidade de acordo com os procedimentos t\u00e9cnicos e finalizando a parte de telemetria e aterramento. A expectativa \u00e9 concluir esse processo nos pr\u00f3ximos dias, para que possamos entrar em opera\u00e7\u00e3o ainda em setembro. Nossa inten\u00e7\u00e3o \u00e9 refor\u00e7ar o abastecimento, para nos prepararmos para as altas temperaturas\u201d.<\/p>\n<p>Representando investimento de cerca de R$ 5,2 milh\u00f5es, o reservat\u00f3rio conta com tecnologia inovadora, pois sua estrutura \u00e9 feita de a\u00e7o vitrificado. O material possui vida \u00fatil muito maior que a dos demais utilizados na \u00e1rea, al\u00e9m de tornar a manuten\u00e7\u00e3o significativamente mais f\u00e1cil. Os trabalhos de implanta\u00e7\u00e3o da unidade tiveram in\u00edcio em novembro, e agora seguem com a\u00e7\u00f5es complementares, como a finaliza\u00e7\u00e3o da guarita e a urbaniza\u00e7\u00e3o do entorno do terreno.<\/p>\n<p><strong>Fonte:<\/strong> Assessoria<\/p>\n","protected":false},"excerpt":{"rendered":"<p>O novo reservat\u00f3rio de \u00e1gua da Companhia de Saneamento Municipal (Cesama) no Bairro Santa Terezinha j\u00e1 teve iniciada sua etapa de testes. Localizada na Rua Tupi, a unidade integra o complexo do Reservat\u00f3rio \u201cHenrique de Novaes\u201d, e ter\u00e1 capacidade de quatro milh\u00f5es de litros, ampliando assim o sistema de reserva do Munic\u00edpio. O diretor de [&hellip;]<\/p>\n","protected":false},"author":96,"featured_media":168901,"comment_status":"closed","ping_status":"closed","sticky":false,"template":"","format":"standard","meta":{"footnotes":""},"categories":[253,436,439],"tags":[],"class_list":["post-168896","post","type-post","status-publish","format-standard","has-post-thumbnail","hentry","category-cidade","category-destaque-da-semana","category-ultima-hora"],"_links":{"self":[{"href":"https:\/\/diarioregionaldigital.com.br\/index.php?rest_route=\/wp\/v2\/posts\/168896","targetHints":{"allow":["GET"]}}],"collection":[{"href":"https:\/\/diarioregionaldigital.com.br\/index.php?rest_route=\/wp\/v2\/posts"}],"about":[{"href":"https:\/\/diarioregionaldigital.com.br\/index.php?rest_route=\/wp\/v2\/types\/post"}],"author":[{"embeddable":true,"href":"https:\/\/diarioregionaldigital.com.br\/index.php?rest_route=\/wp\/v2\/users\/96"}],"replies":[{"embeddable":true,"href":"https:\/\/diarioregionaldigital.com.br\/index.php?rest_route=%2Fwp%2Fv2%2Fcomments&post=168896"}],"version-history":[{"count":0,"href":"https:\/\/diarioregionaldigital.com.br\/index.php?rest_route=\/wp\/v2\/posts\/168896\/revisions"}],"wp:featuredmedia":[{"embeddable":true,"href":"https:\/\/diarioregionaldigital.com.br\/index.php?rest_route=\/wp\/v2\/media\/168901"}],"wp:attachment":[{"href":"https:\/\/diarioregionaldigital.com.br\/index.php?rest_route=%2Fwp%2Fv2%2Fmedia&parent=168896"}],"wp:term":[{"taxonomy":"category","embeddable":true,"href":"https:\/\/diarioregionaldigital.com.br\/index.php?rest_route=%2Fwp%2Fv2%2Fcategories&post=168896"},{"taxonomy":"post_tag","embeddable":true,"href":"https:\/\/diarioregionaldigital.com.br\/index.php?rest_route=%2Fwp%2Fv2%2Ftags&post=168896"}],"curies":[{"name":"wp","href":"https:\/\/api.w.org\/{rel}","templated":true}]}}