{"id":168893,"date":"2020-09-15T17:12:49","date_gmt":"2020-09-15T20:12:49","guid":{"rendered":"https:\/\/diarioregionaldigital.com.br\/?p=168893"},"modified":"2020-09-15T17:12:49","modified_gmt":"2020-09-15T20:12:49","slug":"guarda-municipal-e-policia-militar-flagram-uso-irregular-da-represa","status":"publish","type":"post","link":"https:\/\/diarioregionaldigital.com.br\/?p=168893","title":{"rendered":"Guarda Municipal e Pol\u00edcia Militar flagram uso irregular da represa"},"content":{"rendered":"<p>A Guarda Municipal (GM), juntamente com a Pol\u00edcia Militar (PM), atendeu ocorr\u00eancia de presen\u00e7a de pessoas nas margens da Represa \u201cDr. Jo\u00e3o Penido\u201d, zona norte. O fato foi registrado no domingo, 13, quando o vigia constatou a invas\u00e3o. As equipes estiveram no local e verificaram a presen\u00e7a de dezenas de pessoas que se utilizavam da beira do lago, para atividades de lazer, com barracas e churrasqueiras acesas. Para chegar at\u00e9 \u00e0 margem, os invasores romperam cerca de arame farpado e caminharam por longo trecho de vegeta\u00e7\u00e3o. Todos foram orientados sobre a proibi\u00e7\u00e3o de acessar a \u00e1rea, sob responsabilidade da Companhia de Saneamento Municipal (Cesama). As atividades ali realizadas foram ent\u00e3o encerradas e todos se retiraram do local.<\/p>\n<p>Definida como \u00c1rea de Prote\u00e7\u00e3o Permanente (APP), a represa tem dist\u00e2ncia de cem metros do espelho d\u00b4\u00e1gua protegida por legisla\u00e7\u00e3o ambiental. Al\u00e9m de acesso proibido ao p\u00fablico, o local tem s\u00e9rie de restri\u00e7\u00f5es, a fim de preservar a qualidade da \u00e1gua destinada ao abastecimento e consumo humano. A Prefeitura de Juiz de Fora (PJF) alerta sobre a infra\u00e7\u00e3o cometida por quem invade \u00e1rea p\u00fablica, pratica dano ao patrim\u00f4nio, polui e ainda coloca em risco de inc\u00eandio \u00e1rea de prote\u00e7\u00e3o ambiental, ao acender fogo para realiza\u00e7\u00e3o de churrasco. A pessoa pode ser conduzida \u00e0 autoridade policial para as provid\u00eancias cab\u00edveis e responder pelos crimes cometidos.<\/p>\n<p><strong>Fonte:\u00a0<\/strong>Assessoria<\/p>\n","protected":false},"excerpt":{"rendered":"<p>A Guarda Municipal (GM), juntamente com a Pol\u00edcia Militar (PM), atendeu ocorr\u00eancia de presen\u00e7a de pessoas nas margens da Represa \u201cDr. Jo\u00e3o Penido\u201d, zona norte. O fato foi registrado no domingo, 13, quando o vigia constatou a invas\u00e3o. As equipes estiveram no local e verificaram a presen\u00e7a de dezenas de pessoas que se utilizavam da [&hellip;]<\/p>\n","protected":false},"author":96,"featured_media":168894,"comment_status":"closed","ping_status":"closed","sticky":false,"template":"","format":"standard","meta":{"footnotes":""},"categories":[253,436,439],"tags":[],"class_list":["post-168893","post","type-post","status-publish","format-standard","has-post-thumbnail","hentry","category-cidade","category-destaque-da-semana","category-ultima-hora"],"_links":{"self":[{"href":"https:\/\/diarioregionaldigital.com.br\/index.php?rest_route=\/wp\/v2\/posts\/168893","targetHints":{"allow":["GET"]}}],"collection":[{"href":"https:\/\/diarioregionaldigital.com.br\/index.php?rest_route=\/wp\/v2\/posts"}],"about":[{"href":"https:\/\/diarioregionaldigital.com.br\/index.php?rest_route=\/wp\/v2\/types\/post"}],"author":[{"embeddable":true,"href":"https:\/\/diarioregionaldigital.com.br\/index.php?rest_route=\/wp\/v2\/users\/96"}],"replies":[{"embeddable":true,"href":"https:\/\/diarioregionaldigital.com.br\/index.php?rest_route=%2Fwp%2Fv2%2Fcomments&post=168893"}],"version-history":[{"count":0,"href":"https:\/\/diarioregionaldigital.com.br\/index.php?rest_route=\/wp\/v2\/posts\/168893\/revisions"}],"wp:featuredmedia":[{"embeddable":true,"href":"https:\/\/diarioregionaldigital.com.br\/index.php?rest_route=\/wp\/v2\/media\/168894"}],"wp:attachment":[{"href":"https:\/\/diarioregionaldigital.com.br\/index.php?rest_route=%2Fwp%2Fv2%2Fmedia&parent=168893"}],"wp:term":[{"taxonomy":"category","embeddable":true,"href":"https:\/\/diarioregionaldigital.com.br\/index.php?rest_route=%2Fwp%2Fv2%2Fcategories&post=168893"},{"taxonomy":"post_tag","embeddable":true,"href":"https:\/\/diarioregionaldigital.com.br\/index.php?rest_route=%2Fwp%2Fv2%2Ftags&post=168893"}],"curies":[{"name":"wp","href":"https:\/\/api.w.org\/{rel}","templated":true}]}}