{"id":168890,"date":"2020-09-15T17:02:22","date_gmt":"2020-09-15T20:02:22","guid":{"rendered":"https:\/\/diarioregionaldigital.com.br\/?p=168890"},"modified":"2020-09-15T17:02:22","modified_gmt":"2020-09-15T20:02:22","slug":"minas-registra-menor-taxa-de-ocupacao-de-leitos-desde-o-inicio-da-pandemia","status":"publish","type":"post","link":"https:\/\/diarioregionaldigital.com.br\/?p=168890","title":{"rendered":"Minas registra menor taxa de ocupa\u00e7\u00e3o de leitos desde o in\u00edcio da pandemia"},"content":{"rendered":"<p><main class=\"clear margin-md-bottom-3\"><\/p>\n<div class=\"clear \">\n<p>A taxa de ocupa\u00e7\u00e3o de leitos \u00e9 um dos indicadores monitorados diariamente para avaliar a situa\u00e7\u00e3o da covid-19. Em coletiva virtual desta ter\u00e7a-feira (15\/9), o secret\u00e1rio de Estado de\u00a0<a href=\"https:\/\/www.saude.mg.gov.br\/\" target=\"_blank\" rel=\"noopener noreferrer\">Sa\u00fade<\/a>, Carlos Eduardo Amaral, destacou que Minas Gerais apresenta atualmente as menores taxas de ocupa\u00e7\u00e3o registradas desde mar\u00e7o, quando teve in\u00edcio a pandemia.<\/p>\n<p>De acordo com o secret\u00e1rio, a taxa de ocupa\u00e7\u00e3o dos leitos de UTI est\u00e1 em 62,36%. S\u00e3o 2.411 leitos utilizados, sendo 865 ocupados por pacientes com suspeita de covid-19. Com rela\u00e7\u00e3o aos leitos de enfermaria, a ocupa\u00e7\u00e3o em Minas est\u00e1 em 59,76%, com 1.521 pessoas internadas com suspeita de infec\u00e7\u00e3o por coronav\u00edrus.<\/p>\n<p>\u201cEsses dados s\u00e3o muito importantes para n\u00f3s porque representam as menores taxas de ocupa\u00e7\u00e3o que j\u00e1 tivemos desde o in\u00edcio da epidemia no estado\u201d, destacou Carlos Eduardo Amaral.<\/p>\n<p>Atualmente, est\u00e3o cadastrados no SUS f\u00e1cil, em Minas Gerais, 20.926 leitos de enfermaria e 3.902 leitos de UTI.<\/p>\n<p>O secret\u00e1rio de Estado de Sa\u00fade falou, ainda, sobre o \u00edndice de mortalidade por covid-19. \u201cMinas apresenta hoje a menor mortalidade proporcional por cem mil habitantes do pa\u00eds, com o registro de 29,7 \u00f3bitos para cada cem mil habitantes. Essas informa\u00e7\u00f5es refor\u00e7am a tend\u00eancia de queda\u201d, pontuou.<\/p>\n<p><strong>Atual cen\u00e1rio<\/strong><\/p>\n<p>Carlos Eduardo Amaral explicou que o controle que o estado tem da epidemia \u00e9 resultado de um trabalho coletivo de toda a sociedade.<\/p>\n<p>\u201cCome\u00e7amos a ter uma queda nas notifica\u00e7\u00f5es de \u00f3bito e nas solicita\u00e7\u00f5es por interna\u00e7\u00e3o, mas gostaria de refor\u00e7ar que esse trabalho coletivo de toda a sociedade n\u00e3o deve se encerrar. Todos n\u00f3s devemos continuar nos cuidando para que possamos manter os mesmos n\u00edveis de resultados que tivemos at\u00e9 agora, frisou.<\/p>\n<p><strong>Fonte:\u00a0<\/strong>Ag\u00eancia Minas<\/p>\n<\/div>\n<p><\/main><\/p>\n","protected":false},"excerpt":{"rendered":"<p>A taxa de ocupa\u00e7\u00e3o de leitos \u00e9 um dos indicadores monitorados diariamente para avaliar a situa\u00e7\u00e3o da covid-19. Em coletiva virtual desta ter\u00e7a-feira (15\/9), o secret\u00e1rio de Estado de\u00a0Sa\u00fade, Carlos Eduardo Amaral, destacou que Minas Gerais apresenta atualmente as menores taxas de ocupa\u00e7\u00e3o registradas desde mar\u00e7o, quando teve in\u00edcio a pandemia. De acordo com o [&hellip;]<\/p>\n","protected":false},"author":96,"featured_media":168891,"comment_status":"closed","ping_status":"closed","sticky":false,"template":"","format":"standard","meta":{"footnotes":""},"categories":[436,440,252,439],"tags":[],"class_list":["post-168890","post","type-post","status-publish","format-standard","has-post-thumbnail","hentry","category-destaque-da-semana","category-destaques-do-dia","category-regiao","category-ultima-hora"],"_links":{"self":[{"href":"https:\/\/diarioregionaldigital.com.br\/index.php?rest_route=\/wp\/v2\/posts\/168890","targetHints":{"allow":["GET"]}}],"collection":[{"href":"https:\/\/diarioregionaldigital.com.br\/index.php?rest_route=\/wp\/v2\/posts"}],"about":[{"href":"https:\/\/diarioregionaldigital.com.br\/index.php?rest_route=\/wp\/v2\/types\/post"}],"author":[{"embeddable":true,"href":"https:\/\/diarioregionaldigital.com.br\/index.php?rest_route=\/wp\/v2\/users\/96"}],"replies":[{"embeddable":true,"href":"https:\/\/diarioregionaldigital.com.br\/index.php?rest_route=%2Fwp%2Fv2%2Fcomments&post=168890"}],"version-history":[{"count":0,"href":"https:\/\/diarioregionaldigital.com.br\/index.php?rest_route=\/wp\/v2\/posts\/168890\/revisions"}],"wp:featuredmedia":[{"embeddable":true,"href":"https:\/\/diarioregionaldigital.com.br\/index.php?rest_route=\/wp\/v2\/media\/168891"}],"wp:attachment":[{"href":"https:\/\/diarioregionaldigital.com.br\/index.php?rest_route=%2Fwp%2Fv2%2Fmedia&parent=168890"}],"wp:term":[{"taxonomy":"category","embeddable":true,"href":"https:\/\/diarioregionaldigital.com.br\/index.php?rest_route=%2Fwp%2Fv2%2Fcategories&post=168890"},{"taxonomy":"post_tag","embeddable":true,"href":"https:\/\/diarioregionaldigital.com.br\/index.php?rest_route=%2Fwp%2Fv2%2Ftags&post=168890"}],"curies":[{"name":"wp","href":"https:\/\/api.w.org\/{rel}","templated":true}]}}