{"id":168886,"date":"2020-09-15T16:54:19","date_gmt":"2020-09-15T19:54:19","guid":{"rendered":"https:\/\/diarioregionaldigital.com.br\/?p=168886"},"modified":"2020-09-15T21:42:01","modified_gmt":"2020-09-16T00:42:01","slug":"vacina-contra-pneumonia-esta-disponivel-no-hospital-universitario","status":"publish","type":"post","link":"https:\/\/diarioregionaldigital.com.br\/?p=168886","title":{"rendered":"Vacina contra pneumonia est\u00e1 dispon\u00edvel no Hospital Universit\u00e1rio"},"content":{"rendered":"<p><span style=\"font-weight: 400;\">O Hospital Universit\u00e1rio da Universidade Federal de Juiz de Fora <\/span><span style=\"font-weight: 400;\">(HU-UFJF\/Eserh)<\/span><span style=\"font-weight: 400;\">, disponibiliza de forma gratuita para a popula\u00e7\u00e3o, as vacinas Pneumo 13-valente e Pneumo 23-valente, que previnem a pneumonia e foram recebidas do Minist\u00e9rio da Sa\u00fade.<\/span><\/p>\n<p><span style=\"font-weight: 400;\">Os <\/span><span style=\"font-weight: 400;\">profissionais respons\u00e1veis pelo Centro de Refer\u00eancia para\u00a0 Imunobiol\u00f3gicos Especiais (CRIE), da unidade hospitalar, informam que os pacientes necessitam de solicita\u00e7\u00e3o e indica\u00e7\u00e3o m\u00e9dica para receber as doses das vacinas. Al\u00e9m disso, o agendamento \u00e9 indispens\u00e1vel, no entanto \u00e9 obrigat\u00f3rio apresentar o cart\u00e3o SUS, documento de identidade e cart\u00e3o de vacinas. O CRIE funciona de segunda a sexta-feira, das 8h30 \u00e0s 11h30 e das 13h \u00e0s 16h.<\/span><\/p>\n<p><span style=\"font-weight: 400;\">Conforme o HU, a vacina Pneumo 13 \u00e9 indicada para pacientes oncol\u00f3gicos, com HIV\/AIDS e transplantados, de \u00f3rg\u00e3os ou medula. J\u00e1 a Pneumo 23 atende aos seguintes casos: asplenia anat\u00f4mica ou funcional e doen\u00e7as relacionadas; f\u00edstula liqu\u00f3rica; implante de c\u00f3clea; imunodefici\u00eancias cong\u00eanitas; nefropatias cr\u00f4nicas\/hemodi\u00e1lise\/s\u00edndrome nefr\u00f3tica; pneumopatias cr\u00f4nicas, exceto asma intermitente ou persistente leve; asma persistente, moderada ou grave; fibrose c\u00edstica (mucoviscidose); cardiopatias cr\u00f4nicas; hepatopatias cr\u00f4nicas; doen\u00e7as neurol\u00f3gicas cr\u00f4nicas incapacitantes; trissomias; diabetes <\/span><i><span style=\"font-weight: 400;\">mellitus<\/span><\/i><span style=\"font-weight: 400;\"> e doen\u00e7as de dep\u00f3sito.<\/span><\/p>\n","protected":false},"excerpt":{"rendered":"<p>O Hospital Universit\u00e1rio da Universidade Federal de Juiz de Fora (HU-UFJF\/Eserh), disponibiliza de forma gratuita para a popula\u00e7\u00e3o, as vacinas Pneumo 13-valente e Pneumo 23-valente, que previnem a pneumonia e foram recebidas do Minist\u00e9rio da Sa\u00fade. Os profissionais respons\u00e1veis pelo Centro de Refer\u00eancia para\u00a0 Imunobiol\u00f3gicos Especiais (CRIE), da unidade hospitalar, informam que os pacientes necessitam [&hellip;]<\/p>\n","protected":false},"author":96,"featured_media":168888,"comment_status":"closed","ping_status":"closed","sticky":false,"template":"","format":"standard","meta":{"footnotes":""},"categories":[253,436,439],"tags":[],"class_list":["post-168886","post","type-post","status-publish","format-standard","has-post-thumbnail","hentry","category-cidade","category-destaque-da-semana","category-ultima-hora"],"_links":{"self":[{"href":"https:\/\/diarioregionaldigital.com.br\/index.php?rest_route=\/wp\/v2\/posts\/168886","targetHints":{"allow":["GET"]}}],"collection":[{"href":"https:\/\/diarioregionaldigital.com.br\/index.php?rest_route=\/wp\/v2\/posts"}],"about":[{"href":"https:\/\/diarioregionaldigital.com.br\/index.php?rest_route=\/wp\/v2\/types\/post"}],"author":[{"embeddable":true,"href":"https:\/\/diarioregionaldigital.com.br\/index.php?rest_route=\/wp\/v2\/users\/96"}],"replies":[{"embeddable":true,"href":"https:\/\/diarioregionaldigital.com.br\/index.php?rest_route=%2Fwp%2Fv2%2Fcomments&post=168886"}],"version-history":[{"count":0,"href":"https:\/\/diarioregionaldigital.com.br\/index.php?rest_route=\/wp\/v2\/posts\/168886\/revisions"}],"wp:featuredmedia":[{"embeddable":true,"href":"https:\/\/diarioregionaldigital.com.br\/index.php?rest_route=\/wp\/v2\/media\/168888"}],"wp:attachment":[{"href":"https:\/\/diarioregionaldigital.com.br\/index.php?rest_route=%2Fwp%2Fv2%2Fmedia&parent=168886"}],"wp:term":[{"taxonomy":"category","embeddable":true,"href":"https:\/\/diarioregionaldigital.com.br\/index.php?rest_route=%2Fwp%2Fv2%2Fcategories&post=168886"},{"taxonomy":"post_tag","embeddable":true,"href":"https:\/\/diarioregionaldigital.com.br\/index.php?rest_route=%2Fwp%2Fv2%2Ftags&post=168886"}],"curies":[{"name":"wp","href":"https:\/\/api.w.org\/{rel}","templated":true}]}}