{"id":168881,"date":"2020-09-15T15:38:39","date_gmt":"2020-09-15T18:38:39","guid":{"rendered":"https:\/\/diarioregionaldigital.com.br\/?p=168881"},"modified":"2020-09-15T15:38:39","modified_gmt":"2020-09-15T18:38:39","slug":"acervo-e-personagem-do-museu-sao-citados-em-livro-sobre-a-princesa-isabel","status":"publish","type":"post","link":"https:\/\/diarioregionaldigital.com.br\/?p=168881","title":{"rendered":"Acervo e personagem do Museu s\u00e3o citados em livro sobre a Princesa Isabel"},"content":{"rendered":"<p>Entre diversas mem\u00f3rias, fatos hist\u00f3ricos e personagens citados nas mais de 800 p\u00e1ginas do livro \u201cAlegrias e Tristezas \u2013 Estudos Sobre a Autobiografia de D. Isabel do Brasil\u201d, foram mencionados o acervo do Museu \u201cMariano Proc\u00f3pio\u201d, como a maior institui\u00e7\u00e3o museol\u00f3gica sobre o Imp\u00e9rio, depois do Museu Imperial, em Petr\u00f3polis (RJ), e uma das importantes figuras que contribu\u00edram para a forma\u00e7\u00e3o deste espa\u00e7o de mem\u00f3ria, a Viscondessa de Cavalcanti (1852-1946), prima de Alfredo Ferreira (1865-1944), fundador da institui\u00e7\u00e3o.<\/p>\n<p>A publica\u00e7\u00e3o, escrita pelos historiadores Bruno da Silva Antunes de Cerqueira e Maria de F\u00e1tima Argon, \u00e9 resultado de pesquisa de d\u00e9cadas, e contou com a colabora\u00e7\u00e3o de diversas pessoas, como D. Pedro Carlos de Orleans e Bragan\u00e7a e Bourbon, bisneto de D. Isabel (1846-1921), al\u00e9m de outros membros da fam\u00edlia, historiadores e muse\u00f3logos.<\/p>\n<p>No arquivo hist\u00f3rico do Museu \u201cMariano Proc\u00f3pio\u201d est\u00e3o 27 cartas da princesa para Am\u00e9lia Machado Coelho Cavalcanti de Albuquerque, a Viscondessa de Cavalcanti. Em correspond\u00eancia datada de 1877, D. Isabel a convida para participar de comiss\u00e3o de senhoras encarregadas de obter donativos para um bazar que seria promovido a favor das v\u00edtimas das secas nas prov\u00edncias do Imp\u00e9rio. Al\u00e9m desta carta, no acervo do Museu est\u00e3o outros documentos, que evidenciam a proximidade das fam\u00edlias do comendador Mariano Proc\u00f3pio (1821-1872), pai de Alfredo Ferreira, e a Imperial.<\/p>\n<p><strong>Fonte:<\/strong> Assessoria<\/p>\n","protected":false},"excerpt":{"rendered":"<p>Entre diversas mem\u00f3rias, fatos hist\u00f3ricos e personagens citados nas mais de 800 p\u00e1ginas do livro \u201cAlegrias e Tristezas \u2013 Estudos Sobre a Autobiografia de D. Isabel do Brasil\u201d, foram mencionados o acervo do Museu \u201cMariano Proc\u00f3pio\u201d, como a maior institui\u00e7\u00e3o museol\u00f3gica sobre o Imp\u00e9rio, depois do Museu Imperial, em Petr\u00f3polis (RJ), e uma das importantes [&hellip;]<\/p>\n","protected":false},"author":96,"featured_media":168882,"comment_status":"closed","ping_status":"closed","sticky":false,"template":"","format":"standard","meta":{"footnotes":""},"categories":[256,436,439],"tags":[],"class_list":["post-168881","post","type-post","status-publish","format-standard","has-post-thumbnail","hentry","category-cultura","category-destaque-da-semana","category-ultima-hora"],"_links":{"self":[{"href":"https:\/\/diarioregionaldigital.com.br\/index.php?rest_route=\/wp\/v2\/posts\/168881","targetHints":{"allow":["GET"]}}],"collection":[{"href":"https:\/\/diarioregionaldigital.com.br\/index.php?rest_route=\/wp\/v2\/posts"}],"about":[{"href":"https:\/\/diarioregionaldigital.com.br\/index.php?rest_route=\/wp\/v2\/types\/post"}],"author":[{"embeddable":true,"href":"https:\/\/diarioregionaldigital.com.br\/index.php?rest_route=\/wp\/v2\/users\/96"}],"replies":[{"embeddable":true,"href":"https:\/\/diarioregionaldigital.com.br\/index.php?rest_route=%2Fwp%2Fv2%2Fcomments&post=168881"}],"version-history":[{"count":0,"href":"https:\/\/diarioregionaldigital.com.br\/index.php?rest_route=\/wp\/v2\/posts\/168881\/revisions"}],"wp:featuredmedia":[{"embeddable":true,"href":"https:\/\/diarioregionaldigital.com.br\/index.php?rest_route=\/wp\/v2\/media\/168882"}],"wp:attachment":[{"href":"https:\/\/diarioregionaldigital.com.br\/index.php?rest_route=%2Fwp%2Fv2%2Fmedia&parent=168881"}],"wp:term":[{"taxonomy":"category","embeddable":true,"href":"https:\/\/diarioregionaldigital.com.br\/index.php?rest_route=%2Fwp%2Fv2%2Fcategories&post=168881"},{"taxonomy":"post_tag","embeddable":true,"href":"https:\/\/diarioregionaldigital.com.br\/index.php?rest_route=%2Fwp%2Fv2%2Ftags&post=168881"}],"curies":[{"name":"wp","href":"https:\/\/api.w.org\/{rel}","templated":true}]}}