{"id":168878,"date":"2020-09-15T15:33:38","date_gmt":"2020-09-15T18:33:38","guid":{"rendered":"https:\/\/diarioregionaldigital.com.br\/?p=168878"},"modified":"2020-09-15T15:33:38","modified_gmt":"2020-09-15T18:33:38","slug":"conmebol-e-fifa-optam-por-manter-eliminatorias-sul-americanas-para-outubro","status":"publish","type":"post","link":"https:\/\/diarioregionaldigital.com.br\/?p=168878","title":{"rendered":"Conmebol e FIFA optam por manter Eliminat\u00f3rias Sul-Americanas para outubro"},"content":{"rendered":"<p><span style=\"font-weight: 400;\">Em reuni\u00e3o virtual realizada nessa ter\u00e7a-feira (15), os dirigentes da Confedera\u00e7\u00e3o Sul-Americana de Futebol (Conmebol) junto com a FIFA, concordaram em manter para o m\u00eas de outubro, a realiza\u00e7\u00e3o das Eliminat\u00f3rias para a Copa do Mundo de 2022. Os primeiros jogos est\u00e3o marcados para entre os dias 8 e 13 do mesmo m\u00eas.<\/span><\/p>\n<p><span style=\"font-weight: 400;\">A decis\u00e3o foi tomada, mesmo diante do cen\u00e1rio de incertezas em rela\u00e7\u00e3o \u00e0 pandemia do novo Coronav\u00edrus e tamb\u00e9m com <\/span><span style=\"font-weight: 400;\">as condi\u00e7\u00f5es sanit\u00e1rias, bem como \u00e0s quest\u00f5es de log\u00edsticas envolvendo os jogadores que atuam fora da Am\u00e9rica do Sul.<\/span><\/p>\n<p><span style=\"font-weight: 400;\">Entretanto, existem diverg\u00eancias acerca do caso, uma vez que Argentina, Paraguai e Venezuela, s\u00f3 aceitam disputar as eliminat\u00f3rias, se for permitidas convoca\u00e7\u00f5es de jogadores do exterior, ou seja, que atuam no futebol internacional. J\u00e1 a Confedera\u00e7\u00e3o Brasileira de Futebol (CBF), junto com a Conmebol, deseja iniciar a competi\u00e7\u00e3o na data prevista.<\/span><\/p>\n<p><span style=\"font-weight: 400;\">No caso dos atletas do exterior, a FIFA vai pedir autoriza\u00e7\u00e3o dos respectivos clubes, liberem seus jogadores, no entanto a entidade m\u00e1xima do futebol mundial diz n\u00e3o dar garantias para permiss\u00e3o de entrada e sa\u00edda de cada pa\u00eds dentro das janelas de tempo necess\u00e1rias. Al\u00e9m disso, boa parte dos pa\u00edses em que os atletas atuam, <\/span><span style=\"font-weight: 400;\">exige que os mesmos passem pelo per\u00edodo de quarentena. <\/span><span style=\"font-weight: 400;\">Em nota oficial, a Conmebol diz que uma nova reuni\u00e3o est\u00e1 marcada para esta quinta-feira (17).<\/span><\/p>\n<p><span style=\"font-weight: 400;\">Al\u00e9m disso, nenhuma das partes discutiram sobre uma poss\u00edvel mudan\u00e7a no formato de disputa. A Conmebol junto com as 10 federa\u00e7\u00f5es filiadas, defendem a ideia do torneio em pontos corridos, todos contra todos, em 18 datas. O primeiro compromisso da Sele\u00e7\u00e3o Brasileira \u00e9 diante da Bol\u00edvia, no dia 9 de outubro na Neo Qu\u00edmica Arena em S\u00e3o Paulo. Confira os confrontos da Sele\u00e7\u00e3o Brasileira para estas eliminat\u00f3rias, por\u00e9m nem todos os jogos est\u00e3o com suas datas definidas:<\/span><\/p>\n<p><b>1\u00ba Turno:<\/b><\/p>\n<p><b>Brasil x Bol\u00edvia (09\/10)<\/b><\/p>\n<p><span style=\"font-weight: 400;\">Peru x Brasil (13\/10)<\/span><\/p>\n<p><b>Brasil x Venezuela<\/b><\/p>\n<p><span style=\"font-weight: 400;\">Uruguai x Brasil<\/span><\/p>\n<p><span style=\"font-weight: 400;\">Col\u00f4mbia x Brasil<\/span><\/p>\n<p><b>Brasil x Argentina<\/b><\/p>\n<p><b>Brasil x Equador<\/b><\/p>\n<p><span style=\"font-weight: 400;\">Paraguai x Brasil<\/span><\/p>\n<p><span style=\"font-weight: 400;\">Chile x Brasil<\/span><\/p>\n<p><span style=\"font-weight: 400;\">\u00a0<\/span><\/p>\n<p><b>2\u00ba Turno:<\/b><\/p>\n<p><b>Brasil x Peru<\/b><\/p>\n<p><span style=\"font-weight: 400;\">Venezuela x Brasil<\/span><\/p>\n<p><b>Brasil x Uruguai<\/b><\/p>\n<p><b>Brasil x Col\u00f4mbia<\/b><\/p>\n<p><span style=\"font-weight: 400;\">Argentina x Brasil<\/span><\/p>\n<p><span style=\"font-weight: 400;\">Equador x Brasil<\/span><\/p>\n<p><b>Brasil x Paraguai<\/b><\/p>\n<p><b>Brasil x Chile<\/b><\/p>\n<p><span style=\"font-weight: 400;\">Bol\u00edvia x Brasil<\/span><\/p>\n<p>&nbsp;<\/p>\n<p>&nbsp;<\/p>\n","protected":false},"excerpt":{"rendered":"<p>Em reuni\u00e3o virtual realizada nessa ter\u00e7a-feira (15), os dirigentes da Confedera\u00e7\u00e3o Sul-Americana de Futebol (Conmebol) junto com a FIFA, concordaram em manter para o m\u00eas de outubro, a realiza\u00e7\u00e3o das Eliminat\u00f3rias para a Copa do Mundo de 2022. Os primeiros jogos est\u00e3o marcados para entre os dias 8 e 13 do mesmo m\u00eas. A decis\u00e3o [&hellip;]<\/p>\n","protected":false},"author":96,"featured_media":168879,"comment_status":"closed","ping_status":"closed","sticky":false,"template":"","format":"standard","meta":{"footnotes":""},"categories":[436,257,439],"tags":[],"class_list":["post-168878","post","type-post","status-publish","format-standard","has-post-thumbnail","hentry","category-destaque-da-semana","category-esporte","category-ultima-hora"],"_links":{"self":[{"href":"https:\/\/diarioregionaldigital.com.br\/index.php?rest_route=\/wp\/v2\/posts\/168878","targetHints":{"allow":["GET"]}}],"collection":[{"href":"https:\/\/diarioregionaldigital.com.br\/index.php?rest_route=\/wp\/v2\/posts"}],"about":[{"href":"https:\/\/diarioregionaldigital.com.br\/index.php?rest_route=\/wp\/v2\/types\/post"}],"author":[{"embeddable":true,"href":"https:\/\/diarioregionaldigital.com.br\/index.php?rest_route=\/wp\/v2\/users\/96"}],"replies":[{"embeddable":true,"href":"https:\/\/diarioregionaldigital.com.br\/index.php?rest_route=%2Fwp%2Fv2%2Fcomments&post=168878"}],"version-history":[{"count":0,"href":"https:\/\/diarioregionaldigital.com.br\/index.php?rest_route=\/wp\/v2\/posts\/168878\/revisions"}],"wp:featuredmedia":[{"embeddable":true,"href":"https:\/\/diarioregionaldigital.com.br\/index.php?rest_route=\/wp\/v2\/media\/168879"}],"wp:attachment":[{"href":"https:\/\/diarioregionaldigital.com.br\/index.php?rest_route=%2Fwp%2Fv2%2Fmedia&parent=168878"}],"wp:term":[{"taxonomy":"category","embeddable":true,"href":"https:\/\/diarioregionaldigital.com.br\/index.php?rest_route=%2Fwp%2Fv2%2Fcategories&post=168878"},{"taxonomy":"post_tag","embeddable":true,"href":"https:\/\/diarioregionaldigital.com.br\/index.php?rest_route=%2Fwp%2Fv2%2Ftags&post=168878"}],"curies":[{"name":"wp","href":"https:\/\/api.w.org\/{rel}","templated":true}]}}