{"id":168875,"date":"2020-09-15T15:05:31","date_gmt":"2020-09-15T18:05:31","guid":{"rendered":"https:\/\/diarioregionaldigital.com.br\/?p=168875"},"modified":"2020-09-15T15:05:31","modified_gmt":"2020-09-15T18:05:31","slug":"nova-edicao-do-ibitipoca-off-road-e-adiada-para-2021","status":"publish","type":"post","link":"https:\/\/diarioregionaldigital.com.br\/?p=168875","title":{"rendered":"Nova edi\u00e7\u00e3o do Ibitipoca Off Road \u00e9 adiada para 2021"},"content":{"rendered":"<p><span style=\"font-weight: 400;\">A organiza\u00e7\u00e3o da 31\u00aa edi\u00e7\u00e3o do Ibitipoca Off Road, emitiu um comunicado atrav\u00e9s de uma rede social na segunda-feira (14), o adiamento do evento deste ano. A expectativa dos organizadores, \u00e9 remarcar a disputa para entre os dias 31 de julho e 1\u00ba de agosto de 2021.\u00a0<\/span><\/p>\n<p><span style=\"font-weight: 400;\">Por conta das incertezas em rela\u00e7\u00e3o \u00e0 pandemia do novo Coronav\u00edrus, a organiza\u00e7\u00e3o diz que \u201cEssa decis\u00e3o foi tomada pensando na seguran\u00e7a de todos voc\u00eas, centenas de pilotos e navegadores inscritos, amigos, parceiros, autoridades, popula\u00e7\u00e3o local e imprensa.\u00a0 Se ao longo de 30 anos da nossa trajet\u00f3ria o crescimento gradativo do IOR \u00e9 atribu\u00eddo, entre outros fatores, \u00e0 integra\u00e7\u00e3o com autoridades civis e militares, entidades ambientais e tudo que envolve o rallye, consideramos prudente anunciar o adiamento, n\u00e3o sendo vi\u00e1vel manter o evento, mesmo na segunda data sugerida &#8211; 17 e 18 de outubro\u201d.<\/span><\/p>\n<p><span style=\"font-weight: 400;\">Quanto \u00e0 quest\u00e3o dos pilotos que se inscreveram para a edi\u00e7\u00e3o deste ano, a organiza\u00e7\u00e3o diz que todos \u201cestar\u00e3o automaticamente inscritos para a prova de 2021\u201d e que mais informa\u00e7\u00f5es sobre novas inscri\u00e7\u00f5es, ser\u00e3o divulgadas em breve.<\/span><\/p>\n<p><span style=\"font-weight: 400;\">O Ibitipoca Off Road \u00e9 um evento de rally, realizado anualmente e conta com participa\u00e7\u00f5es de pilotos de diversos cantos do Brasil. A largada da corrida e o encerramento s\u00e3o feitos em Juiz de Fora, al\u00e9m de pernoite em Lima Duarte.<\/span><\/p>\n","protected":false},"excerpt":{"rendered":"<p>A organiza\u00e7\u00e3o da 31\u00aa edi\u00e7\u00e3o do Ibitipoca Off Road, emitiu um comunicado atrav\u00e9s de uma rede social na segunda-feira (14), o adiamento do evento deste ano. A expectativa dos organizadores, \u00e9 remarcar a disputa para entre os dias 31 de julho e 1\u00ba de agosto de 2021.\u00a0 Por conta das incertezas em rela\u00e7\u00e3o \u00e0 pandemia [&hellip;]<\/p>\n","protected":false},"author":96,"featured_media":168876,"comment_status":"closed","ping_status":"closed","sticky":false,"template":"","format":"standard","meta":{"footnotes":""},"categories":[436,257,439],"tags":[],"class_list":["post-168875","post","type-post","status-publish","format-standard","has-post-thumbnail","hentry","category-destaque-da-semana","category-esporte","category-ultima-hora"],"_links":{"self":[{"href":"https:\/\/diarioregionaldigital.com.br\/index.php?rest_route=\/wp\/v2\/posts\/168875","targetHints":{"allow":["GET"]}}],"collection":[{"href":"https:\/\/diarioregionaldigital.com.br\/index.php?rest_route=\/wp\/v2\/posts"}],"about":[{"href":"https:\/\/diarioregionaldigital.com.br\/index.php?rest_route=\/wp\/v2\/types\/post"}],"author":[{"embeddable":true,"href":"https:\/\/diarioregionaldigital.com.br\/index.php?rest_route=\/wp\/v2\/users\/96"}],"replies":[{"embeddable":true,"href":"https:\/\/diarioregionaldigital.com.br\/index.php?rest_route=%2Fwp%2Fv2%2Fcomments&post=168875"}],"version-history":[{"count":0,"href":"https:\/\/diarioregionaldigital.com.br\/index.php?rest_route=\/wp\/v2\/posts\/168875\/revisions"}],"wp:featuredmedia":[{"embeddable":true,"href":"https:\/\/diarioregionaldigital.com.br\/index.php?rest_route=\/wp\/v2\/media\/168876"}],"wp:attachment":[{"href":"https:\/\/diarioregionaldigital.com.br\/index.php?rest_route=%2Fwp%2Fv2%2Fmedia&parent=168875"}],"wp:term":[{"taxonomy":"category","embeddable":true,"href":"https:\/\/diarioregionaldigital.com.br\/index.php?rest_route=%2Fwp%2Fv2%2Fcategories&post=168875"},{"taxonomy":"post_tag","embeddable":true,"href":"https:\/\/diarioregionaldigital.com.br\/index.php?rest_route=%2Fwp%2Fv2%2Ftags&post=168875"}],"curies":[{"name":"wp","href":"https:\/\/api.w.org\/{rel}","templated":true}]}}