{"id":168872,"date":"2020-09-15T14:42:47","date_gmt":"2020-09-15T17:42:47","guid":{"rendered":"https:\/\/diarioregionaldigital.com.br\/?p=168872"},"modified":"2020-09-15T14:42:47","modified_gmt":"2020-09-15T17:42:47","slug":"selecao-feminina-retorna-para-a-granja-comary-visando-preparacao-para-os-jogos-olimpicos","status":"publish","type":"post","link":"https:\/\/diarioregionaldigital.com.br\/?p=168872","title":{"rendered":"Sele\u00e7\u00e3o Feminina retorna para a Granja Comary, visando prepara\u00e7\u00e3o para os Jogos Ol\u00edmpicos"},"content":{"rendered":"<p><span style=\"font-weight: 400;\">A Sele\u00e7\u00e3o Brasileira Feminina, retomou suas atividades presenciais na Granja Comary em Teres\u00f3polis-RJ, visando a fase de prepara\u00e7\u00e3o para os Jogos Ol\u00edmpicos de T\u00f3quio 2020 (adiados para 2021). \u00c9 a primeira reapresenta\u00e7\u00e3o da sele\u00e7\u00e3o principal, desde o in\u00edcio da pandemia do novo Coronav\u00edrus.<\/span><\/p>\n<p><span style=\"font-weight: 400;\">Para a nova convoca\u00e7\u00e3o, a t\u00e9cnica Pia Sundhage, chamou 24 jogadoras que atuam no futebol brasileiro e as mesmas estar\u00e3o concentradas at\u00e9 o dia 22 deste m\u00eas. Entretanto, a \u00fanica baixa do time foi a atacante Cristiane, que <\/span><span style=\"font-weight: 400;\">apresentou quadro cl\u00ednico compat\u00edvel com fascite plantar no p\u00e9 direito. A informa\u00e7\u00e3o foi passada pelo Departamento M\u00e9dico do Santos e confirmada pelos m\u00e9dicos da Sele\u00e7\u00e3o Brasileira.<\/span><\/p>\n<p><span style=\"font-weight: 400;\">O per\u00edodo de prepara\u00e7\u00e3o ir\u00e1 suprir o cancelamento da Data Fifa deste m\u00eas, a qual estava reservada para jogos preparat\u00f3rios. A Confedera\u00e7\u00e3o Brasileira de Futebol (CBF), com o intuito de seguir a prepara\u00e7\u00e3o da Sele\u00e7\u00e3o Feminina para a Olimp\u00edada, e em concord\u00e2ncia com os clubes, ir\u00e1 paralisar o calend\u00e1rio do Campeonato Brasileiro Feminino A-1.\u00a0<\/span><\/p>\n<p><b>Protocolos de seguran\u00e7a<\/b><\/p>\n<p><span style=\"font-weight: 400;\">Assim como estabelecido pela entidade m\u00e1xima do futebol brasileiro, todos atletas das sele\u00e7\u00f5es masculina e feminina, desde as categorias de base at\u00e9 o time principal, funcion\u00e1rios e membros da comiss\u00e3o t\u00e9cnica, devem seguir pelas medidas de preven\u00e7\u00e3o ao Covid-19. A delega\u00e7\u00e3o da Sele\u00e7\u00e3o Feminina, junto com suas jogadoras, refizeram os exames de RT-PCR (Covid-19), para detectar previamente poss\u00edveis casos da doen\u00e7a. A comiss\u00e3o havia feito os testes de Swab Nasal quatro dias antes da apresenta\u00e7\u00e3o.\u00a0<\/span><\/p>\n<p><span style=\"font-weight: 400;\">Conforme Nemi Sabeh, respons\u00e1vel pela coordena\u00e7\u00e3o m\u00e9dica das sele\u00e7\u00f5es femininas, o protocolo de seguran\u00e7a e preven\u00e7\u00e3o ser\u00e1 adotado durante todo o per\u00edodo de convoca\u00e7\u00e3o:<\/span><\/p>\n<p><span style=\"font-weight: 400;\">&#8220;Os principais cuidados que n\u00f3s estamos realizando aqui na Granja Comary \u00e9 o uso da m\u00e1scara a todo momento. Em alguns momentos, por exemplo, no treinamento dentro de campo n\u00e3o ser\u00e1 utilizado a m\u00e1scara. Todos tamb\u00e9m est\u00e3o realizando distanciamento seguro e, obviamente, a limpeza das m\u00e3os e o uso de \u00e1lcool gel. Com a nossa experi\u00eancia na Sele\u00e7\u00e3o Sub-17, n\u00f3s ficamos seguros com a efic\u00e1cia desse protocolo&#8221;, explica.<\/span><\/p>\n<p>&nbsp;<\/p>\n","protected":false},"excerpt":{"rendered":"<p>A Sele\u00e7\u00e3o Brasileira Feminina, retomou suas atividades presenciais na Granja Comary em Teres\u00f3polis-RJ, visando a fase de prepara\u00e7\u00e3o para os Jogos Ol\u00edmpicos de T\u00f3quio 2020 (adiados para 2021). \u00c9 a primeira reapresenta\u00e7\u00e3o da sele\u00e7\u00e3o principal, desde o in\u00edcio da pandemia do novo Coronav\u00edrus. Para a nova convoca\u00e7\u00e3o, a t\u00e9cnica Pia Sundhage, chamou 24 jogadoras que [&hellip;]<\/p>\n","protected":false},"author":96,"featured_media":168873,"comment_status":"closed","ping_status":"closed","sticky":false,"template":"","format":"standard","meta":{"footnotes":""},"categories":[436,257,439],"tags":[],"class_list":["post-168872","post","type-post","status-publish","format-standard","has-post-thumbnail","hentry","category-destaque-da-semana","category-esporte","category-ultima-hora"],"_links":{"self":[{"href":"https:\/\/diarioregionaldigital.com.br\/index.php?rest_route=\/wp\/v2\/posts\/168872","targetHints":{"allow":["GET"]}}],"collection":[{"href":"https:\/\/diarioregionaldigital.com.br\/index.php?rest_route=\/wp\/v2\/posts"}],"about":[{"href":"https:\/\/diarioregionaldigital.com.br\/index.php?rest_route=\/wp\/v2\/types\/post"}],"author":[{"embeddable":true,"href":"https:\/\/diarioregionaldigital.com.br\/index.php?rest_route=\/wp\/v2\/users\/96"}],"replies":[{"embeddable":true,"href":"https:\/\/diarioregionaldigital.com.br\/index.php?rest_route=%2Fwp%2Fv2%2Fcomments&post=168872"}],"version-history":[{"count":0,"href":"https:\/\/diarioregionaldigital.com.br\/index.php?rest_route=\/wp\/v2\/posts\/168872\/revisions"}],"wp:featuredmedia":[{"embeddable":true,"href":"https:\/\/diarioregionaldigital.com.br\/index.php?rest_route=\/wp\/v2\/media\/168873"}],"wp:attachment":[{"href":"https:\/\/diarioregionaldigital.com.br\/index.php?rest_route=%2Fwp%2Fv2%2Fmedia&parent=168872"}],"wp:term":[{"taxonomy":"category","embeddable":true,"href":"https:\/\/diarioregionaldigital.com.br\/index.php?rest_route=%2Fwp%2Fv2%2Fcategories&post=168872"},{"taxonomy":"post_tag","embeddable":true,"href":"https:\/\/diarioregionaldigital.com.br\/index.php?rest_route=%2Fwp%2Fv2%2Ftags&post=168872"}],"curies":[{"name":"wp","href":"https:\/\/api.w.org\/{rel}","templated":true}]}}